{"id":184776,"date":"2021-05-26T12:07:39","date_gmt":"2021-05-26T10:07:39","guid":{"rendered":"https:\/\/zjarr.tv\/?p=184776"},"modified":"2021-05-26T12:07:39","modified_gmt":"2021-05-26T10:07:39","slug":"gazetari-shokon-me-ate-cfare-thote-per-ramen-shba-rames-i-kane-dosjen-me-berishen-po-ben","status":"publish","type":"post","link":"https:\/\/zjarr.tv\/sq\/gazetari-shokon-me-ate-cfare-thote-per-ramen-shba-rames-i-kane-dosjen-me-berishen-po-ben\/","title":{"rendered":"Gazetari Shokon me at\u00eb \u00e7far\u00eb thot\u00eb p\u00ebr Ram\u00ebn: SHBA Ram\u00ebs i kan\u00eb dosjen, me Berish\u00ebn po b\u00ebn\u2026"},"content":{"rendered":"<p>Gazetari Genc Burimi, u shpreh n\u00eb emisionin Tempora, se SHBA-t\u00eb mes nj\u00eb \u201creal politike\u201d dhe demokracis\u00eb, ata zgjedhin \u201creal politik\u00ebn\u201d. Sipas tij,\u00a0Kryeministrat si Edi Rama, vlejn\u00eb shum\u00eb p\u00ebr Amerik\u00ebn se jan\u00eb Kryeministra q\u00eb nuk kan\u00eb pazar t\u00eb lart\u00eb, pasi shteti amerikan nuk po investon\u00a0ndonj\u00eb gj\u00eb n\u00eb Shqip\u00ebri.<\/p>\n<p>Ai thot\u00eb m\u00eb tej se SHBA-t\u00eb, kan\u00eb dosje dhe p\u00ebr Ram\u00ebn dhe do e p\u00ebrdorin kur ai t&#8217;u dal\u00eb kund\u00ebr.<\/p>\n<p><em>&#8220;Duhet t\u00eb kuptojm\u00eb se SHBA-t\u00eb, mes nj\u00eb real politike dhe demokracis\u00eb, ata zgjedhin real politik\u00ebn. Kur Rama u zgjodh n\u00eb vitin 2013 nd\u00ebrmori nj\u00eb akt pro amerikan pa pyetur fare p\u00ebr interesin e popullit shqiptar me sjelljen e amr\u00ebve kimike.<\/em><\/p>\n<p><em>Duhet t\u00eb kemi t\u00eb qart\u00eb se SHBA mb\u00ebshtesin n\u00eb Egjipt nj\u00eb gjeneral q\u00eb e\u00a0paguajn\u00eb m\u00eb miliarda dollar\u00eb ne vit. Amerikan\u00eb kan\u00eb hequr edhe kompanin\u00eb Xiaomi nga lista e zez\u00eb. Fakti \u00ebsht\u00eb se \u00e7far\u00eb kan\u00eb paguar amerikan\u00ebt kundrejt shqiptar\u00ebve dhe do t\u00eb kuptoni se nuk jan\u00eb shum\u00eb. K\u00ebtu ata kan\u00eb baza ushtarake dhe \u00e7do gj\u00eb tjet\u00ebr.<\/em><\/p>\n<p><em>P\u00ebr ta kryeministrat si Rama vlejn\u00eb shum\u00eb se jan\u00eb kryeministra q\u00eb nuk kan\u00eb pazar t\u00eb lart\u00eb. Amerikan\u00ebt nuk \u00ebsht\u00eb se po investojn\u00eb ndonj\u00eb gj\u00eb n\u00eb Shqip\u00ebri. Amerikan\u00ebt kan\u00eb dosje edhe p\u00ebr Ram\u00ebn q\u00eb do ta p\u00ebrdorin kur ai t\u00eb dal\u00eb kund\u00ebr. Me Berish\u00ebn po b\u00ebjn\u00eb nj\u00eb show,&#8221;<\/em>\u00a0tha Genc Burimi n\u00eb emisionin Tempora.<\/p>\n<p>&nbsp;<\/p>\n","protected":false},"excerpt":{"rendered":"<p>Gazetari Genc Burimi, u shpreh n\u00eb emisionin Tempora, se SHBA-t\u00eb mes nj\u00eb \u201creal politike\u201d dhe demokracis\u00eb, ata zgjedhin \u201creal politik\u00ebn\u201d. Sipas tij,\u00a0Kryeministrat si Edi Rama, vlejn\u00eb shum\u00eb p\u00ebr Amerik\u00ebn se jan\u00eb Kryeministra q\u00eb nuk kan\u00eb pazar t\u00eb lart\u00eb, pasi shteti amerikan nuk po investon\u00a0ndonj\u00eb gj\u00eb n\u00eb Shqip\u00ebri. Ai thot\u00eb m\u00eb tej se SHBA-t\u00eb, kan\u00eb dosje [&hellip;]<\/p>\n","protected":false},"author":2016,"featured_media":184778,"comment_status":"closed","ping_status":"closed","sticky":false,"template":"","format":"standard","meta":{"footnotes":""},"categories":[241],"tags":[3313],"class_list":{"0":"post-184776","1":"post","2":"type-post","3":"status-publish","4":"format-standard","5":"has-post-thumbnail","7":"category-aktualitet","8":"tag-lajme-zjarr-shokon-gazetari-zjarr-tv"},"_links":{"self":[{"href":"https:\/\/zjarr.tv\/sq\/wp-json\/wp\/v2\/posts\/184776","targetHints":{"allow":["GET"]}}],"collection":[{"href":"https:\/\/zjarr.tv\/sq\/wp-json\/wp\/v2\/posts"}],"about":[{"href":"https:\/\/zjarr.tv\/sq\/wp-json\/wp\/v2\/types\/post"}],"author":[{"embeddable":true,"href":"https:\/\/zjarr.tv\/sq\/wp-json\/wp\/v2\/users\/2016"}],"replies":[{"embeddable":true,"href":"https:\/\/zjarr.tv\/sq\/wp-json\/wp\/v2\/comments?post=184776"}],"version-history":[{"count":0,"href":"https:\/\/zjarr.tv\/sq\/wp-json\/wp\/v2\/posts\/184776\/revisions"}],"wp:featuredmedia":[{"embeddable":true,"href":"https:\/\/zjarr.tv\/sq\/wp-json\/wp\/v2\/media\/184778"}],"wp:attachment":[{"href":"https:\/\/zjarr.tv\/sq\/wp-json\/wp\/v2\/media?parent=184776"}],"wp:term":[{"taxonomy":"category","embeddable":true,"href":"https:\/\/zjarr.tv\/sq\/wp-json\/wp\/v2\/categories?post=184776"},{"taxonomy":"post_tag","embeddable":true,"href":"https:\/\/zjarr.tv\/sq\/wp-json\/wp\/v2\/tags?post=184776"}],"curies":[{"name":"wp","href":"https:\/\/api.w.org\/{rel}","templated":true}]}}