{"id":184779,"date":"2021-05-26T12:27:48","date_gmt":"2021-05-26T10:27:48","guid":{"rendered":"https:\/\/zjarr.tv\/?p=184779"},"modified":"2021-05-26T12:27:48","modified_gmt":"2021-05-26T10:27:48","slug":"soros-takoi-ramen-dhe-drekoi-me-bashen-evi-kokalari-publikon-fakte-te-forta-pse-kjo-heshtje","status":"publish","type":"post","link":"https:\/\/zjarr.tv\/sq\/soros-takoi-ramen-dhe-drekoi-me-bashen-evi-kokalari-publikon-fakte-te-forta-pse-kjo-heshtje\/","title":{"rendered":"Soros takoi Ram\u00ebn dhe drekoi me Bash\u00ebn\/ Evi Kokalari publikon fakte t\u00eb forta: Pse kjo heshtje?"},"content":{"rendered":"<p>Me an\u00eb t\u00eb nj\u00eb postimi n\u00eb rrjetin social, aktivistja shqiptare, Evi Kokalari, ka hedhur s\u00ebrish dyshime t\u00eb forta n\u00eb lidhje me nj\u00eb vizit\u00eb q\u00eb sipas saj, Alex Soros, djali i George Soros, ka zhvilluar n\u00eb Shqip\u00ebri.<\/p>\n<p>Kokalari, ka publikuar foto t\u00eb Alex Soros n\u00eb Serbi, Kosov\u00eb, Maqedoni, nd\u00ebrsa shtron pyetjen pse nuk \u00ebsht\u00eb publikuar asnj\u00eb foto nga vizita n\u00eb Tiran\u00eb.<\/p>\n<p><em>\u201cM\u00eb vjen \u00e7udi q\u00eb Alex Soros poston foto me Kryeministren Serbe, Albin Kurti, Presidentin e Maqedonis\u00eb, por asnj\u00eb foto nga vizita e tij n\u00eb Tiran\u00eb.<\/em><\/p>\n<p><em>\u00cbsht\u00eb fakt q\u00eb ai u takua me Edi Ram\u00ebn dhe flitet q\u00eb drekoj me Lul Bash\u00ebn.<\/em><\/p>\n<p><em>Pse kjo heshtje?\u201d<\/em>\u00a0\u2013 shkruan Kokalari.<\/p>\n<p><img loading=\"lazy\" decoding=\"async\" class=\"alignnone size-full wp-image-184780\" src=\"https:\/\/zjarr.tv\/wp-content\/uploads\/2021\/05\/kokalari.jpg\" alt=\"\" width=\"640\" height=\"690\" srcset=\"https:\/\/zjarr.tv\/wp-content\/uploads\/2021\/05\/kokalari.jpg 640w, https:\/\/zjarr.tv\/wp-content\/uploads\/2021\/05\/kokalari-278x300.jpg 278w, https:\/\/zjarr.tv\/wp-content\/uploads\/2021\/05\/kokalari-390x420.jpg 390w\" sizes=\"auto, (max-width: 640px) 100vw, 640px\" \/><\/p>\n","protected":false},"excerpt":{"rendered":"<p>Me an\u00eb t\u00eb nj\u00eb postimi n\u00eb rrjetin social, aktivistja shqiptare, Evi Kokalari, ka hedhur s\u00ebrish dyshime t\u00eb forta n\u00eb lidhje me nj\u00eb vizit\u00eb q\u00eb sipas saj, Alex Soros, djali i George Soros, ka zhvilluar n\u00eb Shqip\u00ebri. Kokalari, ka publikuar foto t\u00eb Alex Soros n\u00eb Serbi, Kosov\u00eb, Maqedoni, nd\u00ebrsa shtron pyetjen pse nuk \u00ebsht\u00eb publikuar asnj\u00eb [&hellip;]<\/p>\n","protected":false},"author":2016,"featured_media":184782,"comment_status":"closed","ping_status":"closed","sticky":false,"template":"","format":"standard","meta":{"footnotes":""},"categories":[241],"tags":[3314],"class_list":{"0":"post-184779","1":"post","2":"type-post","3":"status-publish","4":"format-standard","5":"has-post-thumbnail","7":"category-aktualitet","8":"tag-lajme-zjarr-kokalari-publikon-fakte-te-forta-zjarr-tv"},"_links":{"self":[{"href":"https:\/\/zjarr.tv\/sq\/wp-json\/wp\/v2\/posts\/184779","targetHints":{"allow":["GET"]}}],"collection":[{"href":"https:\/\/zjarr.tv\/sq\/wp-json\/wp\/v2\/posts"}],"about":[{"href":"https:\/\/zjarr.tv\/sq\/wp-json\/wp\/v2\/types\/post"}],"author":[{"embeddable":true,"href":"https:\/\/zjarr.tv\/sq\/wp-json\/wp\/v2\/users\/2016"}],"replies":[{"embeddable":true,"href":"https:\/\/zjarr.tv\/sq\/wp-json\/wp\/v2\/comments?post=184779"}],"version-history":[{"count":0,"href":"https:\/\/zjarr.tv\/sq\/wp-json\/wp\/v2\/posts\/184779\/revisions"}],"wp:featuredmedia":[{"embeddable":true,"href":"https:\/\/zjarr.tv\/sq\/wp-json\/wp\/v2\/media\/184782"}],"wp:attachment":[{"href":"https:\/\/zjarr.tv\/sq\/wp-json\/wp\/v2\/media?parent=184779"}],"wp:term":[{"taxonomy":"category","embeddable":true,"href":"https:\/\/zjarr.tv\/sq\/wp-json\/wp\/v2\/categories?post=184779"},{"taxonomy":"post_tag","embeddable":true,"href":"https:\/\/zjarr.tv\/sq\/wp-json\/wp\/v2\/tags?post=184779"}],"curies":[{"name":"wp","href":"https:\/\/api.w.org\/{rel}","templated":true}]}}