{"id":184789,"date":"2021-05-26T13:15:39","date_gmt":"2021-05-26T11:15:39","guid":{"rendered":"https:\/\/zjarr.tv\/?p=184789"},"modified":"2021-05-26T13:15:39","modified_gmt":"2021-05-26T11:15:39","slug":"zbardhet-data-kur-do-te-votohet-ne-parlament-shkarkimi-i-presidentit","status":"publish","type":"post","link":"https:\/\/zjarr.tv\/sq\/zbardhet-data-kur-do-te-votohet-ne-parlament-shkarkimi-i-presidentit\/","title":{"rendered":"Zbardhet data kur do t\u00eb votohet n\u00eb Parlament, shkarkimi i Presidentit\u2026"},"content":{"rendered":"<p>T\u00eb premten, Komisioni Hetimor q\u00eb ka marr\u00eb n\u00ebn hetim Presidentin Ilir Meta, ku pritet t\u2019i d\u00ebrgoj\u00eb Kuvendit raportin me propozimin e shkarkimit t\u00eb Kreut t\u00eb Shtetit, p\u00ebr shkelje t\u00eb Kushtetut\u00ebs.<\/p>\n<p>N\u00eb edicionin e lajmeve t\u00eb or\u00ebs 12: 00 n\u00eb Top Channel, gazetari Muhamed Veliu raportoi se votimi i k\u00ebtij raporti n\u00eb Kuvend, do t\u00eb b\u00ebhet me dat\u00eb 10 Qershor. Me t\u00eb gjitha gjasat edhe votimi shkarkimit pritet t\u00eb ndodh\u00eb n\u00eb t\u00eb nj\u00ebjt\u00ebn seanc\u00eb.<\/p>\n<p>Jav\u00ebn e ardhshme, grupi parlamentar socialist pritet t\u2019i k\u00ebrkoj\u00eb Konferenc\u00ebs s\u00eb Kryetar\u00ebve, futjen n\u00eb rend dite p\u00ebr diskutim dhe votim t\u00eb raportit te Komisionit Hetimor dat\u00ebn 10 Qershor.<\/p>\n","protected":false},"excerpt":{"rendered":"<p>T\u00eb premten, Komisioni Hetimor q\u00eb ka marr\u00eb n\u00ebn hetim Presidentin Ilir Meta, ku pritet t\u2019i d\u00ebrgoj\u00eb Kuvendit raportin me propozimin e shkarkimit t\u00eb Kreut t\u00eb Shtetit, p\u00ebr shkelje t\u00eb Kushtetut\u00ebs. N\u00eb edicionin e lajmeve t\u00eb or\u00ebs 12: 00 n\u00eb Top Channel, gazetari Muhamed Veliu raportoi se votimi i k\u00ebtij raporti n\u00eb Kuvend, do t\u00eb b\u00ebhet [&hellip;]<\/p>\n","protected":false},"author":2016,"featured_media":184795,"comment_status":"closed","ping_status":"closed","sticky":false,"template":"","format":"standard","meta":{"footnotes":""},"categories":[241],"tags":[3293],"class_list":{"0":"post-184789","1":"post","2":"type-post","3":"status-publish","4":"format-standard","5":"has-post-thumbnail","7":"category-aktualitet","8":"tag-lajme-zjarr-shkarkimi-i-metes-zjarr-tv"},"_links":{"self":[{"href":"https:\/\/zjarr.tv\/sq\/wp-json\/wp\/v2\/posts\/184789","targetHints":{"allow":["GET"]}}],"collection":[{"href":"https:\/\/zjarr.tv\/sq\/wp-json\/wp\/v2\/posts"}],"about":[{"href":"https:\/\/zjarr.tv\/sq\/wp-json\/wp\/v2\/types\/post"}],"author":[{"embeddable":true,"href":"https:\/\/zjarr.tv\/sq\/wp-json\/wp\/v2\/users\/2016"}],"replies":[{"embeddable":true,"href":"https:\/\/zjarr.tv\/sq\/wp-json\/wp\/v2\/comments?post=184789"}],"version-history":[{"count":0,"href":"https:\/\/zjarr.tv\/sq\/wp-json\/wp\/v2\/posts\/184789\/revisions"}],"wp:featuredmedia":[{"embeddable":true,"href":"https:\/\/zjarr.tv\/sq\/wp-json\/wp\/v2\/media\/184795"}],"wp:attachment":[{"href":"https:\/\/zjarr.tv\/sq\/wp-json\/wp\/v2\/media?parent=184789"}],"wp:term":[{"taxonomy":"category","embeddable":true,"href":"https:\/\/zjarr.tv\/sq\/wp-json\/wp\/v2\/categories?post=184789"},{"taxonomy":"post_tag","embeddable":true,"href":"https:\/\/zjarr.tv\/sq\/wp-json\/wp\/v2\/tags?post=184789"}],"curies":[{"name":"wp","href":"https:\/\/api.w.org\/{rel}","templated":true}]}}