{"id":184796,"date":"2021-05-26T13:18:53","date_gmt":"2021-05-26T11:18:53","guid":{"rendered":"https:\/\/zjarr.tv\/?p=184796"},"modified":"2021-05-26T13:18:53","modified_gmt":"2021-05-26T11:18:53","slug":"genjeu-kuvendin-gjkko-kerkon-hetim-per-anetarin-e-klgj-se-alban-toro","status":"publish","type":"post","link":"https:\/\/zjarr.tv\/sq\/genjeu-kuvendin-gjkko-kerkon-hetim-per-anetarin-e-klgj-se-alban-toro\/","title":{"rendered":"G\u00ebnjeu Kuvendin, GJKKO k\u00ebrkon hetim p\u00ebr an\u00ebtarin e KLGJ-s\u00eb Alban Toro"},"content":{"rendered":"<p style=\"background: white; margin: 0in 0in 19.5pt 0in;\">Gjykata e Posa\u00e7me kund\u00ebr Krimit dhe Korrupsionit ka k\u00ebrkuar nisjen e procedimit penal ndaj an\u00ebtarit t\u00eb K\u00ebshillit t\u00eb Lart\u00eb Gjyq\u00ebsor Alban Toro.<\/p>\n<p style=\"background: white; -webkit-tap-highlight-color: transparent !important; box-sizing: border-box; overflow-wrap: break-word; font-variant-ligatures: normal; font-variant-caps: normal; orphans: 2; widows: 2; -webkit-text-stroke-width: 0px; text-decoration-thickness: initial; text-decoration-style: initial; text-decoration-color: initial; word-spacing: 0px; margin: 0in 0in 19.5pt 0in;\">M\u00ebsohet se Toro akuzohet se \u00ebsht\u00eb zgjedhur an\u00ebtar i KLGJ-s\u00eb duke falsifikuar dokumente dhe duke g\u00ebnjyer Kuvendin.<\/p>\n<p style=\"background: white; -webkit-tap-highlight-color: transparent !important; box-sizing: border-box; overflow-wrap: break-word; font-variant-ligatures: normal; font-variant-caps: normal; orphans: 2; widows: 2; -webkit-text-stroke-width: 0px; text-decoration-thickness: initial; text-decoration-style: initial; text-decoration-color: initial; word-spacing: 0px; margin: 0in 0in 19.5pt 0in;\">Alban Toro \u00ebsht\u00eb nj\u00eb nga 11 an\u00ebtar\u00ebt e KLGJ-s\u00eb, i cili vjen nga radh\u00ebt e avokatis\u00eb. Si i till\u00eb ai duhet t\u00eb mbante mbi supe nj\u00eb eksperienc\u00eb t\u00eb pakt\u00ebn 10-vje\u00e7are pa nd\u00ebrprerje si avokat.<\/p>\n<p style=\"background: white; -webkit-tap-highlight-color: transparent !important; box-sizing: border-box; overflow-wrap: break-word; font-variant-ligatures: normal; font-variant-caps: normal; orphans: 2; widows: 2; -webkit-text-stroke-width: 0px; text-decoration-thickness: initial; text-decoration-style: initial; text-decoration-color: initial; word-spacing: 0px; margin: 0in 0in 19.5pt 0in;\">K\u00ebt\u00eb kriter Alban Toro nuk e p\u00ebrmbushte dhe bazuar ne nenin 19, g\u00ebrma \u201d d\u201d, t\u00eb ligjit nr 115\/2016, an\u00ebtar\u00ebt e KLGJ-s\u00eb q\u00eb vijn\u00eb nga avokatia duhet t\u00eb ken\u00eb 15 vjet p\u00ebrvoj\u00eb pune n\u00eb profesion si jurist, nga t\u00eb cilat t\u00eb pakt\u00ebn 10 vitet e fundit t\u00eb ken\u00eb ushtruar profesionin e avokatit pa nd\u00ebrprerje.<\/p>\n","protected":false},"excerpt":{"rendered":"<p>Gjykata e Posa\u00e7me kund\u00ebr Krimit dhe Korrupsionit ka k\u00ebrkuar nisjen e procedimit penal ndaj an\u00ebtarit t\u00eb K\u00ebshillit t\u00eb Lart\u00eb Gjyq\u00ebsor Alban Toro. M\u00ebsohet se Toro akuzohet se \u00ebsht\u00eb zgjedhur an\u00ebtar i KLGJ-s\u00eb duke falsifikuar dokumente dhe duke g\u00ebnjyer Kuvendin. Alban Toro \u00ebsht\u00eb nj\u00eb nga 11 an\u00ebtar\u00ebt e KLGJ-s\u00eb, i cili vjen nga radh\u00ebt e avokatis\u00eb. [&hellip;]<\/p>\n","protected":false},"author":2030,"featured_media":184797,"comment_status":"closed","ping_status":"closed","sticky":false,"template":"","format":"standard","meta":{"footnotes":""},"categories":[241],"tags":[],"class_list":{"0":"post-184796","1":"post","2":"type-post","3":"status-publish","4":"format-standard","5":"has-post-thumbnail","7":"category-aktualitet"},"_links":{"self":[{"href":"https:\/\/zjarr.tv\/sq\/wp-json\/wp\/v2\/posts\/184796","targetHints":{"allow":["GET"]}}],"collection":[{"href":"https:\/\/zjarr.tv\/sq\/wp-json\/wp\/v2\/posts"}],"about":[{"href":"https:\/\/zjarr.tv\/sq\/wp-json\/wp\/v2\/types\/post"}],"author":[{"embeddable":true,"href":"https:\/\/zjarr.tv\/sq\/wp-json\/wp\/v2\/users\/2030"}],"replies":[{"embeddable":true,"href":"https:\/\/zjarr.tv\/sq\/wp-json\/wp\/v2\/comments?post=184796"}],"version-history":[{"count":0,"href":"https:\/\/zjarr.tv\/sq\/wp-json\/wp\/v2\/posts\/184796\/revisions"}],"wp:featuredmedia":[{"embeddable":true,"href":"https:\/\/zjarr.tv\/sq\/wp-json\/wp\/v2\/media\/184797"}],"wp:attachment":[{"href":"https:\/\/zjarr.tv\/sq\/wp-json\/wp\/v2\/media?parent=184796"}],"wp:term":[{"taxonomy":"category","embeddable":true,"href":"https:\/\/zjarr.tv\/sq\/wp-json\/wp\/v2\/categories?post=184796"},{"taxonomy":"post_tag","embeddable":true,"href":"https:\/\/zjarr.tv\/sq\/wp-json\/wp\/v2\/tags?post=184796"}],"curies":[{"name":"wp","href":"https:\/\/api.w.org\/{rel}","templated":true}]}}