{"id":184817,"date":"2021-05-26T14:43:28","date_gmt":"2021-05-26T12:43:28","guid":{"rendered":"https:\/\/zjarr.tv\/?p=184817"},"modified":"2021-05-26T14:43:28","modified_gmt":"2021-05-26T12:43:28","slug":"shembja-e-pallatit-te-demtuar-nga-termeti-ne-kombinat-meta-thirrje-bashkise-dhe-qeverise-banoret-nuk-jane-njoftuar-se-dine-cfare-fati-i-pret","status":"publish","type":"post","link":"https:\/\/zjarr.tv\/sq\/shembja-e-pallatit-te-demtuar-nga-termeti-ne-kombinat-meta-thirrje-bashkise-dhe-qeverise-banoret-nuk-jane-njoftuar-se-dine-cfare-fati-i-pret\/","title":{"rendered":"Shembja e pallatit t\u00eb d\u00ebmtuar nga t\u00ebrmeti n\u00eb Kombinat, Meta thirrje Bashkis\u00eb dhe Qeveris\u00eb: Banor\u00ebt nuk jan\u00eb njoftuar, s\u2019e din\u00eb \u00e7far\u00eb fati i pret"},"content":{"rendered":"<p style=\"background: white; margin: 0in 0in 19.5pt 0in;\">Presidenti Ilir Meta reagon p\u00ebr nisjen e procesit p\u00ebr shembjen e nj\u00eb pallati 5 kat\u00ebsh n\u00eb zon\u00ebn e Kombinatit, p\u00ebr shkak se \u00ebsht\u00eb d\u00ebmtuar nga t\u00ebrmeti. Ekspert\u00ebt e kan\u00eb klasifikuar at\u00eb sio DS4, pra q\u00eb duhet shembur.<br style=\"-webkit-tap-highlight-color: transparent !important; box-sizing: border-box;\" \/><br style=\"-webkit-tap-highlight-color: transparent !important; box-sizing: border-box;\" \/>Sipas Met\u00ebs, banor\u00ebt nuk jan\u00eb njoftuar p\u00ebr k\u00ebt\u00eb shembje, dhe i b\u00ebn thirrje Qeveris\u00eb dhe Bashkis\u00eb s\u00eb Tiran\u00ebs q\u00eb t\u00eb ndalojn\u00eb at\u00eb q\u00eb ai e quan \u201cproces i parregullt\u201d.<br style=\"-webkit-tap-highlight-color: transparent !important; box-sizing: border-box;\" \/><br style=\"-webkit-tap-highlight-color: transparent !important; box-sizing: border-box;\" \/>\u201cU b\u00ebj thirrje Qeveris\u00eb dhe Bashkis\u00eb Tiran\u00eb, t\u00eb t\u00ebrhiqen menj\u00ebher\u00eb nga \u00e7do p\u00ebrpjekje dhe procedur\u00eb antikushtetuese dhe t\u00eb garantojn\u00eb nj\u00eb zgjidhje t\u00eb drejt\u00eb dhe objektive, p\u00ebr garantimin e pron\u00ebs private t\u00eb \u00e7do qytetari, si\u00e7 Kushtetuta e parashikon n\u00eb nenin 41 t\u00eb saj, si dhe respektimin e t\u00eb gjith\u00eb t\u00eb drejtave t\u00eb tjera t\u00eb mbrojtura nga Kushtetuta dhe Konventa Europiane e t\u00eb Drejtave t\u00eb Njeriut\u201d, shkruan Meta nd\u00ebr t\u00eb tjera.<br style=\"-webkit-tap-highlight-color: transparent !important; box-sizing: border-box;\" \/><br style=\"-webkit-tap-highlight-color: transparent !important; box-sizing: border-box;\" \/><strong style=\"-webkit-tap-highlight-color: transparent !important; box-sizing: border-box;\">Reagimi i plot\u00eb i Presidentit:<\/strong><\/p>\n<p style=\"background: white; -webkit-tap-highlight-color: transparent !important; box-sizing: border-box; overflow-wrap: break-word; font-variant-ligatures: normal; font-variant-caps: normal; orphans: 2; widows: 2; -webkit-text-stroke-width: 0px; text-decoration-thickness: initial; text-decoration-style: initial; text-decoration-color: initial; word-spacing: 0px; margin: 0in 0in 19.5pt 0in;\">I keqardhur nga \u00e7far\u00eb po ndodh n\u00eb Zall Herr dhe n\u00eb zon\u00ebn e \u201cKombinatit\u201d n\u00eb Tiran\u00eb, ku sipas t\u00eb dh\u00ebnave t\u00eb b\u00ebra publike, Qeveria dhe Bashkia Tiran\u00eb, dhunsh\u00ebm, n\u00eb m\u00ebnyr\u00eb jo transparente dhe p\u00ebrmes nj\u00eb procesi, q\u00eb duket i parregullt, kan\u00eb nisur t\u00eb nd\u00ebrhyjn\u00eb me shembje dhe shkat\u00ebrrim mbi pronat e qytetar\u00ebve me pretendimin e nd\u00ebrtimit t\u00eb zonave t\u00eb reja zhvillimi.<\/p>\n<p style=\"background: white; -webkit-tap-highlight-color: transparent !important; box-sizing: border-box; overflow-wrap: break-word; font-variant-ligatures: normal; font-variant-caps: normal; orphans: 2; widows: 2; -webkit-text-stroke-width: 0px; text-decoration-thickness: initial; text-decoration-style: initial; text-decoration-color: initial; word-spacing: 0px; margin: 0in 0in 19.5pt 0in;\">Pronar\u00ebt dhe mbajt\u00ebsit e t\u00eb drejtave reale pron\u00ebsore kan\u00eb b\u00ebr\u00eb t\u00eb ditur se nuk jan\u00eb njoftuar nga autoritetet se \u00e7far\u00eb fati i pret pasurit\u00eb e tyre dhe se si ata do t\u00eb trajtohen nga shteti.<\/p>\n<p style=\"background: white; -webkit-tap-highlight-color: transparent !important; box-sizing: border-box; overflow-wrap: break-word; font-variant-ligatures: normal; font-variant-caps: normal; orphans: 2; widows: 2; -webkit-text-stroke-width: 0px; text-decoration-thickness: initial; text-decoration-style: initial; text-decoration-color: initial; word-spacing: 0px; margin: 0in 0in 19.5pt 0in;\">Mjafton vet\u00ebm ky fakt p\u00ebr t\u00eb provuar se ka shkelje t\u00eb ligjit p\u00ebr konsultimin publik, nd\u00ebrkoh\u00eb q\u00eb nd\u00ebrhyrja me forc\u00eb mbi jet\u00ebn dhe t\u00eb ardhmen e shum\u00eb familjeve ka krijuar nj\u00eb situat\u00eb t\u00eb pasigurt ligjore dhe nj\u00eb tension social t\u00eb panevojsh\u00ebm.<\/p>\n<p style=\"background: white; -webkit-tap-highlight-color: transparent !important; box-sizing: border-box; overflow-wrap: break-word; font-variant-ligatures: normal; font-variant-caps: normal; orphans: 2; widows: 2; -webkit-text-stroke-width: 0px; text-decoration-thickness: initial; text-decoration-style: initial; text-decoration-color: initial; word-spacing: 0px; margin: 0in 0in 19.5pt 0in;\">U b\u00ebj thirrje Qeveris\u00eb dhe Bashkis\u00eb Tiran\u00eb, t\u00eb t\u00ebrhiqen menj\u00ebher\u00eb nga \u00e7do p\u00ebrpjekje dhe procedur\u00eb antikushtetuese dhe t\u00eb garantojn\u00eb nj\u00eb zgjidhje t\u00eb drejt\u00eb dhe objektive, p\u00ebr garantimin e pron\u00ebs private t\u00eb \u00e7do qytetari, si\u00e7 Kushtetuta e parashikon n\u00eb nenin 41 t\u00eb saj, si dhe respektimin e t\u00eb gjith\u00eb t\u00eb drejtave t\u00eb tjera t\u00eb mbrojtura nga Kushtetuta dhe Konventa Europiane e t\u00eb Drejtave t\u00eb Njeriut.<\/p>\n<p style=\"background: white; -webkit-tap-highlight-color: transparent !important; box-sizing: border-box; overflow-wrap: break-word; font-variant-ligatures: normal; font-variant-caps: normal; orphans: 2; widows: 2; -webkit-text-stroke-width: 0px; text-decoration-thickness: initial; text-decoration-style: initial; text-decoration-color: initial; word-spacing: 0px; margin: 0in 0in 19.5pt 0in;\">\u00c7do qytetar, mbajt\u00ebs i nj\u00eb t\u00eb drejte pron\u00ebsie apo i cili ka krijuar nj\u00eb pritshm\u00ebri legjitime meriton t\u00eb trajtohet me dinjitet dhe shteti ka p\u00ebr detyr\u00eb t\u2019i mbroj\u00eb dhe t\u00eb respektoj\u00eb t\u00eb drejtat e tij.<\/p>\n<p style=\"background: white; -webkit-tap-highlight-color: transparent !important; box-sizing: border-box; overflow-wrap: break-word; font-variant-ligatures: normal; font-variant-caps: normal; orphans: 2; widows: 2; -webkit-text-stroke-width: 0px; text-decoration-thickness: initial; text-decoration-style: initial; text-decoration-color: initial; word-spacing: 0px; margin: 0in 0in 19.5pt 0in;\">T\u00eb gjitha veprimet dhe aktet e administrat\u00ebs qendrore apo vendore duhet t\u00eb udh\u00ebhiqen vet\u00ebm nga ligjshm\u00ebria dhe transparenca.<\/p>\n<p style=\"background: white; -webkit-tap-highlight-color: transparent !important; box-sizing: border-box; overflow-wrap: break-word; font-variant-ligatures: normal; font-variant-caps: normal; orphans: 2; widows: 2; -webkit-text-stroke-width: 0px; text-decoration-thickness: initial; text-decoration-style: initial; text-decoration-color: initial; word-spacing: 0px; margin: 0in 0in 19.5pt 0in;\">Ligji \u00ebsht\u00eb i barabart\u00eb p\u00ebr t\u00eb gjith\u00eb.<\/p>\n","protected":false},"excerpt":{"rendered":"<p>Presidenti Ilir Meta reagon p\u00ebr nisjen e procesit p\u00ebr shembjen e nj\u00eb pallati 5 kat\u00ebsh n\u00eb zon\u00ebn e Kombinatit, p\u00ebr shkak se \u00ebsht\u00eb d\u00ebmtuar nga t\u00ebrmeti. Ekspert\u00ebt e kan\u00eb klasifikuar at\u00eb sio DS4, pra q\u00eb duhet shembur.Sipas Met\u00ebs, banor\u00ebt nuk jan\u00eb njoftuar p\u00ebr k\u00ebt\u00eb shembje, dhe i b\u00ebn thirrje Qeveris\u00eb dhe Bashkis\u00eb s\u00eb Tiran\u00ebs q\u00eb [&hellip;]<\/p>\n","protected":false},"author":2030,"featured_media":96498,"comment_status":"closed","ping_status":"closed","sticky":false,"template":"","format":"standard","meta":{"footnotes":""},"categories":[241,1454],"tags":[],"class_list":{"0":"post-184817","1":"post","2":"type-post","3":"status-publish","4":"format-standard","5":"has-post-thumbnail","7":"category-aktualitet","8":"category-politike"},"_links":{"self":[{"href":"https:\/\/zjarr.tv\/sq\/wp-json\/wp\/v2\/posts\/184817","targetHints":{"allow":["GET"]}}],"collection":[{"href":"https:\/\/zjarr.tv\/sq\/wp-json\/wp\/v2\/posts"}],"about":[{"href":"https:\/\/zjarr.tv\/sq\/wp-json\/wp\/v2\/types\/post"}],"author":[{"embeddable":true,"href":"https:\/\/zjarr.tv\/sq\/wp-json\/wp\/v2\/users\/2030"}],"replies":[{"embeddable":true,"href":"https:\/\/zjarr.tv\/sq\/wp-json\/wp\/v2\/comments?post=184817"}],"version-history":[{"count":0,"href":"https:\/\/zjarr.tv\/sq\/wp-json\/wp\/v2\/posts\/184817\/revisions"}],"wp:featuredmedia":[{"embeddable":true,"href":"https:\/\/zjarr.tv\/sq\/wp-json\/wp\/v2\/media\/96498"}],"wp:attachment":[{"href":"https:\/\/zjarr.tv\/sq\/wp-json\/wp\/v2\/media?parent=184817"}],"wp:term":[{"taxonomy":"category","embeddable":true,"href":"https:\/\/zjarr.tv\/sq\/wp-json\/wp\/v2\/categories?post=184817"},{"taxonomy":"post_tag","embeddable":true,"href":"https:\/\/zjarr.tv\/sq\/wp-json\/wp\/v2\/tags?post=184817"}],"curies":[{"name":"wp","href":"https:\/\/api.w.org\/{rel}","templated":true}]}}