{"id":184822,"date":"2021-05-26T15:22:59","date_gmt":"2021-05-26T13:22:59","guid":{"rendered":"https:\/\/zjarr.tv\/?p=184822"},"modified":"2021-05-26T15:22:59","modified_gmt":"2021-05-26T13:22:59","slug":"veliaj-sulmon-ashper-meten-i-ka-pajisur-vilat-e-tij-me-nga-9-banjo-per-macen","status":"publish","type":"post","link":"https:\/\/zjarr.tv\/sq\/veliaj-sulmon-ashper-meten-i-ka-pajisur-vilat-e-tij-me-nga-9-banjo-per-macen\/","title":{"rendered":"Veliaj sulmon ashp\u00ebr Met\u00ebn: \u201cI ka pajisur vilat e tij me nga 9 banjo p\u00ebr macen\u201d"},"content":{"rendered":"<p>P\u00ebrmes nj\u00eb deklarate p\u00ebr mediat, Bashkia e Tiran\u00ebs q\u00eb drejtohet nga Erion Veliaj, ka sulmuar presidentit Meta, sa i takon shqet\u00ebsimit t\u00eb nj\u00eb familje n\u00eb Zall Herr q\u00eb do ti merret toka p\u00ebr shkak se qeveria do t\u00eb nd\u00ebrtoj\u00eb nj\u00eb lagje p\u00ebr banor\u00ebt q\u00eb u jan\u00eb d\u00ebmtuar sht\u00ebpit\u00eb nga t\u00ebrmeti.<\/p>\n<p>Shqet\u00ebsimi i familjes Lama u b\u00eb publikisht fillimisht n\u00eb Fax News, dhe menj\u00ebher\u00eb pas k\u00ebsaj reagoi dhe presidenti, i cili kujtoi se e drejta e pron\u00ebs \u00ebsht\u00eb nj\u00eb nga t\u00eb drejtat themelore.<\/p>\n<p>Mir\u00ebpo bashkia e Tiran\u00ebs, pretendon se toka n\u00eb fjal\u00eb, rreth 28 mij\u00eb metra katror\u00eb, \u00ebsht\u00eb n\u00eb pron\u00ebsi t\u00eb tyre dhe jo n\u00eb t\u00eb familjes Lama, nd\u00ebrsa k\u00ebta t\u00eb fundit thon\u00eb se shpron\u00ebsimi i tyre ka nisur n\u00eb m\u00ebnyr\u00eb t\u00eb fsheht\u00eb.<\/p>\n<p>Reagimi i Bashkis\u00eb s\u00eb Tiran\u00ebs:<\/p>\n<p>Bashkia e Tiran\u00ebs v\u00ebren me keqardhje se Presidenti i Republik\u00ebs vijon t\u00eb nxis\u00eb, sipas nj\u00eb plani t\u00eb p\u00ebrcaktuar, sh\u00ebrb\u00ebtor\u00eb t\u00eb partis\u00eb s\u00eb tij, p\u00ebr t\u00eb penguar dhe prishur procesin e rind\u00ebrtimit n\u00eb Zall-Herr, duke vonuar me dashje, edhe m\u00eb tej, futjen n\u00eb sht\u00ebpit\u00eb e reja t\u00eb banor\u00ebve t\u00eb zon\u00ebs, t\u00eb cil\u00ebt po presin me padurim t\u00eb marrin banesat e tyre.<\/p>\n<p>Aktet e fundit t\u00eb Presidentit t\u00eb Republik\u00ebs minojn\u00eb q\u00ebllimisht nj\u00eb proces p\u00ebr t\u00eb cilin, si Qeveria, edhe Bashkia e Tiran\u00ebs, po e \u00e7ojn\u00eb p\u00ebrpara me sukses, p\u00ebr t\u00eb strehuar secil\u00ebn nga familjet e prekura nga t\u00ebrmeti tragjik i n\u00ebntorit 2019.<\/p>\n<p>Yshtja e militant\u00ebve t\u00eb LSI-s\u00eb, q\u00eb hiqen gjoja si banor\u00eb t\u00eb zon\u00ebs, p\u00ebr t\u2019i siguruar Presidentit postimin dhe lajmet e radh\u00ebs n\u00eb portale, \u00ebsht\u00eb e turpshme, kriminale dhe duhet t\u00eb ndiqet nga organet hetimore.<\/p>\n<p>Familjet e Zall Herrit, t\u00eb prekura nga t\u00ebrmeti, do t\u00eb marrin n\u00eb pron\u00ebsi sht\u00ebpit\u00eb e reja, n\u00eb nj\u00eb lagje t\u00eb nd\u00ebrtuar posa\u00e7\u00ebrisht p\u00ebr ta, me infrastruktur\u00eb dhe sh\u00ebrbime model, n\u00eb tok\u00eb q\u00eb \u00ebsht\u00eb n\u00eb pron\u00ebsi t\u00eb Bashkis\u00eb s\u00eb Tiran\u00ebs, nj\u00ebsoj si banor\u00ebt e Ndroqit apo Vaqarrit.<\/p>\n<p>Nj\u00eb President, i cili i ka pajisur vilat e tij me nga 9 banjo p\u00ebr macen, por s\u2019ka marr\u00eb mundimin t\u00eb nd\u00ebrtoj\u00eb qoft\u00eb edhe nj\u00eb sht\u00ebpi p\u00ebr nj\u00eb familje nga Zall-Herri, nuk ka asnj\u00eb t\u00eb drejt\u00eb t\u00eb bllokoj\u00eb dhe pengoj\u00eb pun\u00ebn p\u00ebr rind\u00ebrtimin e sht\u00ebpive t\u00eb familjeve t\u00eb prekura nga t\u00ebrmeti.<\/p>\n<p>Shqiptar\u00ebt e dhan\u00eb mesazhin e tyre p\u00ebr k\u00ebt\u00eb President n\u00eb 25 prill, ndaj s\u2019\u00ebsht\u00eb nevoja dhe nuk do t\u00eb lejohet q\u00eb ky t\u00eb hakmerret ndaj tyre duke u penguar nd\u00ebrtimin e sht\u00ebpive.<\/p>\n","protected":false},"excerpt":{"rendered":"<p>P\u00ebrmes nj\u00eb deklarate p\u00ebr mediat, Bashkia e Tiran\u00ebs q\u00eb drejtohet nga Erion Veliaj, ka sulmuar presidentit Meta, sa i takon shqet\u00ebsimit t\u00eb nj\u00eb familje n\u00eb Zall Herr q\u00eb do ti merret toka p\u00ebr shkak se qeveria do t\u00eb nd\u00ebrtoj\u00eb nj\u00eb lagje p\u00ebr banor\u00ebt q\u00eb u jan\u00eb d\u00ebmtuar sht\u00ebpit\u00eb nga t\u00ebrmeti. Shqet\u00ebsimi i familjes Lama u [&hellip;]<\/p>\n","protected":false},"author":2031,"featured_media":184823,"comment_status":"closed","ping_status":"closed","sticky":false,"template":"","format":"standard","meta":{"footnotes":""},"categories":[231],"tags":[312,2186,369,458],"class_list":{"0":"post-184822","1":"post","2":"type-post","3":"status-publish","4":"format-standard","5":"has-post-thumbnail","7":"category-lajme","8":"tag-lajme","9":"tag-meta","10":"tag-veliaj","11":"tag-zjarrtv"},"_links":{"self":[{"href":"https:\/\/zjarr.tv\/sq\/wp-json\/wp\/v2\/posts\/184822","targetHints":{"allow":["GET"]}}],"collection":[{"href":"https:\/\/zjarr.tv\/sq\/wp-json\/wp\/v2\/posts"}],"about":[{"href":"https:\/\/zjarr.tv\/sq\/wp-json\/wp\/v2\/types\/post"}],"author":[{"embeddable":true,"href":"https:\/\/zjarr.tv\/sq\/wp-json\/wp\/v2\/users\/2031"}],"replies":[{"embeddable":true,"href":"https:\/\/zjarr.tv\/sq\/wp-json\/wp\/v2\/comments?post=184822"}],"version-history":[{"count":0,"href":"https:\/\/zjarr.tv\/sq\/wp-json\/wp\/v2\/posts\/184822\/revisions"}],"wp:featuredmedia":[{"embeddable":true,"href":"https:\/\/zjarr.tv\/sq\/wp-json\/wp\/v2\/media\/184823"}],"wp:attachment":[{"href":"https:\/\/zjarr.tv\/sq\/wp-json\/wp\/v2\/media?parent=184822"}],"wp:term":[{"taxonomy":"category","embeddable":true,"href":"https:\/\/zjarr.tv\/sq\/wp-json\/wp\/v2\/categories?post=184822"},{"taxonomy":"post_tag","embeddable":true,"href":"https:\/\/zjarr.tv\/sq\/wp-json\/wp\/v2\/tags?post=184822"}],"curies":[{"name":"wp","href":"https:\/\/api.w.org\/{rel}","templated":true}]}}