{"id":184847,"date":"2021-05-26T17:06:15","date_gmt":"2021-05-26T15:06:15","guid":{"rendered":"https:\/\/zjarr.tv\/?p=184847"},"modified":"2021-05-26T17:06:15","modified_gmt":"2021-05-26T15:06:15","slug":"ky-eshte-momenti-me-historik-rama-ndan-informacionin-shume-te-rendesishem-per-cdo-shqiptar-do-te-ndodhe-me-1-janar","status":"publish","type":"post","link":"https:\/\/zjarr.tv\/sq\/ky-eshte-momenti-me-historik-rama-ndan-informacionin-shume-te-rendesishem-per-cdo-shqiptar-do-te-ndodhe-me-1-janar\/","title":{"rendered":"\u201cKy \u00ebsht\u00eb momenti m\u00eb historik\u201d, Rama ndan informacionin shum\u00eb t\u00eb r\u00ebnd\u00ebsish\u00ebm p\u00ebr \u00e7do shqiptar: Do t\u00eb ndodh\u00eb m\u00eb 1 janar"},"content":{"rendered":"<p>Kryeministri Edi Rama ka b\u00ebr\u00eb me dije se m\u00eb dat\u00eb 1 janar 2022, Shqip\u00ebria do t\u00eb ket\u00eb vendin n\u00eb forumin m\u00eb t\u00eb lart\u00eb t\u00eb vendimarrjes globale, n\u00eb Organizat\u00ebn e Kombeve t\u00eb Bashkuara. Rama i fton t\u00eb gjith\u00eb ata q\u00eb kan\u00eb arritur t\u00eb nd\u00ebrtojn\u00eb karriera t\u00eb suksesshme t\u00eb b\u00ebhen pjes\u00eb e skuadr\u00ebs kuqezi n\u00eb K\u00ebshillin e Sigurimit t\u00eb Kombeve t\u00eb Bashkuara.<\/p>\n<p><strong style=\"font-style: inherit;\">Postimi i Ram\u00ebs:<\/strong><\/p>\n<p><em style=\"font-weight: inherit;\">\u201cBASHKOHU P\u00cbR MISIONIN HISTORIK T\u00cb SHQIP\u00cbRIS\u00cb N\u00cb OKB<\/em><\/p>\n<p><em style=\"font-weight: inherit;\">M\u00eb dat\u00eb 1 janar 2022, Shqip\u00ebria do t\u00eb ket\u00eb vendin n\u00eb forumin m\u00eb t\u00eb lart\u00eb t\u00eb vendimarrjes globale, n\u00eb Organizat\u00ebn e Kombeve t\u00eb Bashkuara<\/em><\/p>\n<p><em style=\"font-weight: inherit;\">Zgjedhja e Shqip\u00ebris\u00eb si an\u00ebtare jo e p\u00ebrhershme e K\u00ebshillit t\u00eb Sigurimit t\u00eb OKB-s\u00eb p\u00ebr periudh\u00ebn 2022 \u2013 2023, \u00ebsht\u00eb momenti m\u00eb historik n\u00eb 65 vitet e an\u00ebtar\u00ebsimit t\u00eb vendit ton\u00eb n\u00eb k\u00ebt\u00eb organizat\u00eb<\/em><\/p>\n<p><em style=\"font-weight: inherit;\"> Duam q\u00eb Shqip\u00ebria t\u00eb prezantohet n\u00eb K\u00ebshillin e Sigurimit me nj\u00eb \u201cDream Team\u201d; nj\u00eb skuad\u00ebr profesionale t\u00eb nivelit m\u00eb t\u00eb lart\u00eb<\/em><\/p>\n<p><em style=\"font-weight: inherit;\">T\u00eb gjith\u00eb ata e ato, shqiptar\u00eb e shqiptare, brenda ose jasht\u00eb vendit dhe sidomos n\u00eb SHBA, q\u00eb me shum\u00eb pun\u00eb e mund kan\u00eb arritur t\u00eb nd\u00ebrtojn\u00eb karriera t\u00eb suksesshme, i ftojm\u00eb t\u00eb aplikojn\u00eb e t\u00eb konkurojn\u00eb, p\u00ebr tu b\u00ebr\u00eb pjes\u00eb e skuadr\u00ebs kuqezi n\u00eb K\u00ebshillin e Sigurimit t\u00eb Kombeve t\u00eb Bashkuara<\/em><\/p>\n<p><em style=\"font-weight: inherit;\">http:\/\/\u00eb\u00eb\u00eb.punetejashtme.gov.al\/\u2026\/shqiperia-per-ks\u2026\/<\/em><\/p>\n<p><em style=\"font-weight: inherit;\">#SkaKoh\u00ebP\u00ebrPushim\u201d<\/em>\u00a0\u2013 shkruan Rama.<\/p>\n","protected":false},"excerpt":{"rendered":"<p>Kryeministri Edi Rama ka b\u00ebr\u00eb me dije se m\u00eb dat\u00eb 1 janar 2022, Shqip\u00ebria do t\u00eb ket\u00eb vendin n\u00eb forumin m\u00eb t\u00eb lart\u00eb t\u00eb vendimarrjes globale, n\u00eb Organizat\u00ebn e Kombeve t\u00eb Bashkuara. Rama i fton t\u00eb gjith\u00eb ata q\u00eb kan\u00eb arritur t\u00eb nd\u00ebrtojn\u00eb karriera t\u00eb suksesshme t\u00eb b\u00ebhen pjes\u00eb e skuadr\u00ebs kuqezi n\u00eb K\u00ebshillin e [&hellip;]<\/p>\n","protected":false},"author":2030,"featured_media":107571,"comment_status":"closed","ping_status":"closed","sticky":false,"template":"","format":"standard","meta":{"footnotes":""},"categories":[241,1454],"tags":[],"class_list":{"0":"post-184847","1":"post","2":"type-post","3":"status-publish","4":"format-standard","5":"has-post-thumbnail","7":"category-aktualitet","8":"category-politike"},"_links":{"self":[{"href":"https:\/\/zjarr.tv\/sq\/wp-json\/wp\/v2\/posts\/184847","targetHints":{"allow":["GET"]}}],"collection":[{"href":"https:\/\/zjarr.tv\/sq\/wp-json\/wp\/v2\/posts"}],"about":[{"href":"https:\/\/zjarr.tv\/sq\/wp-json\/wp\/v2\/types\/post"}],"author":[{"embeddable":true,"href":"https:\/\/zjarr.tv\/sq\/wp-json\/wp\/v2\/users\/2030"}],"replies":[{"embeddable":true,"href":"https:\/\/zjarr.tv\/sq\/wp-json\/wp\/v2\/comments?post=184847"}],"version-history":[{"count":0,"href":"https:\/\/zjarr.tv\/sq\/wp-json\/wp\/v2\/posts\/184847\/revisions"}],"wp:featuredmedia":[{"embeddable":true,"href":"https:\/\/zjarr.tv\/sq\/wp-json\/wp\/v2\/media\/107571"}],"wp:attachment":[{"href":"https:\/\/zjarr.tv\/sq\/wp-json\/wp\/v2\/media?parent=184847"}],"wp:term":[{"taxonomy":"category","embeddable":true,"href":"https:\/\/zjarr.tv\/sq\/wp-json\/wp\/v2\/categories?post=184847"},{"taxonomy":"post_tag","embeddable":true,"href":"https:\/\/zjarr.tv\/sq\/wp-json\/wp\/v2\/tags?post=184847"}],"curies":[{"name":"wp","href":"https:\/\/api.w.org\/{rel}","templated":true}]}}