{"id":184851,"date":"2021-05-26T17:35:22","date_gmt":"2021-05-26T15:35:22","guid":{"rendered":"https:\/\/zjarr.tv\/?p=184851"},"modified":"2021-05-26T17:35:22","modified_gmt":"2021-05-26T15:35:22","slug":"veprimtaria-e-spak-dhe-prokurorise-se-pergjithshme-gjate-vitit-2020-olsian-cela-dhe-arben-kraja-thirren-ne-klp","status":"publish","type":"post","link":"https:\/\/zjarr.tv\/sq\/veprimtaria-e-spak-dhe-prokurorise-se-pergjithshme-gjate-vitit-2020-olsian-cela-dhe-arben-kraja-thirren-ne-klp\/","title":{"rendered":"Veprimtaria e SPAK dhe Prokuroris\u00eb s\u00eb P\u00ebrgjithshme gjat\u00eb vitit 2020, Olsian \u00c7ela dhe Arben Kraja \u2018thirren\u2019 n\u00eb KLP"},"content":{"rendered":"<p>Kryeprokurori Olsian \u00c7ela dhe drejtuesi i SPAK-ut do t\u00eb raportojn\u00eb p\u00ebrpara KLP-s\u00eb mbi veprimtarin\u00eb e institucioneve q\u00eb t\u00eb drejtojn\u00eb p\u00ebr vitin 2020.<\/p>\n<p>Prokurori i P\u00ebrgjithsh\u00ebm dhe Drejtuesi i Prokuroris\u00eb s\u00eb Posa\u00e7me kan\u00eb detyrim ligjor t\u00eb raportojn\u00eb, t\u00eb pakt\u00ebn nj\u00eb her\u00eb n\u00eb vit, n\u00eb K\u00ebshillin e Lart\u00eb t\u00eb Prokuroris\u00eb lidhur me ecurin\u00eb e veprimtaris\u00eb s\u00eb strukturave p\u00ebrkat\u00ebse.<\/p>\n<p>Njoftimi:<\/p>\n<p>K\u00ebshilli i Lart\u00eb i Prokuroris\u00eb organizon dit\u00ebn e enjte, 27.05.2021, ora 10.00, n\u00eb sall\u00ebn e mbledhjeve t\u00eb K\u00ebshillit, seanc\u00ebn d\u00ebgjimore me Prokurorin e P\u00ebrgjithsh\u00ebm, z. Olsian \u00c7ela mbi raportimin e Prokurorit t\u00eb P\u00ebrgjithsh\u00ebm lidhur me veprimtarin\u00eb e sistemit t\u00eb prokuroris\u00eb gjat\u00eb vitit 2020.<\/p>\n<p>Gjithashtu,\u00a0 dit\u00ebn e premte, 28.05.2021, ora 10.00, n\u00eb sall\u00ebn e mbledhjeve t\u00eb K\u00ebshillit, Drejtuesi i Prokuroris\u00eb s\u00eb Posa\u00e7me (SPAK), z. Arben Kraja do t\u00eb paraqes\u00eb raportin lidhur me veprimtarin\u00eb e Prokuroris\u00eb s\u00eb Posa\u00e7me gjat\u00eb vitit 2020\u201d thuhet n\u00eb njoftim.<\/p>\n<p>Prokurori i P\u00ebrgjithsh\u00ebm dhe Drejtuesi i Prokuroris\u00eb s\u00eb Posa\u00e7me kan\u00eb detyrim ligjor t\u00eb raportojn\u00eb, t\u00eb pakt\u00ebn nj\u00eb her\u00eb n\u00eb vit, n\u00eb K\u00ebshillin e Lart\u00eb t\u00eb Prokuroris\u00eb lidhur me ecurin\u00eb e veprimtaris\u00eb s\u00eb strukturave p\u00ebrkat\u00ebse.<\/p>\n","protected":false},"excerpt":{"rendered":"<p>Kryeprokurori Olsian \u00c7ela dhe drejtuesi i SPAK-ut do t\u00eb raportojn\u00eb p\u00ebrpara KLP-s\u00eb mbi veprimtarin\u00eb e institucioneve q\u00eb t\u00eb drejtojn\u00eb p\u00ebr vitin 2020. Prokurori i P\u00ebrgjithsh\u00ebm dhe Drejtuesi i Prokuroris\u00eb s\u00eb Posa\u00e7me kan\u00eb detyrim ligjor t\u00eb raportojn\u00eb, t\u00eb pakt\u00ebn nj\u00eb her\u00eb n\u00eb vit, n\u00eb K\u00ebshillin e Lart\u00eb t\u00eb Prokuroris\u00eb lidhur me ecurin\u00eb e veprimtaris\u00eb s\u00eb strukturave [&hellip;]<\/p>\n","protected":false},"author":2031,"featured_media":184852,"comment_status":"closed","ping_status":"closed","sticky":false,"template":"","format":"standard","meta":{"footnotes":""},"categories":[231],"tags":[],"class_list":{"0":"post-184851","1":"post","2":"type-post","3":"status-publish","4":"format-standard","5":"has-post-thumbnail","7":"category-lajme"},"_links":{"self":[{"href":"https:\/\/zjarr.tv\/sq\/wp-json\/wp\/v2\/posts\/184851","targetHints":{"allow":["GET"]}}],"collection":[{"href":"https:\/\/zjarr.tv\/sq\/wp-json\/wp\/v2\/posts"}],"about":[{"href":"https:\/\/zjarr.tv\/sq\/wp-json\/wp\/v2\/types\/post"}],"author":[{"embeddable":true,"href":"https:\/\/zjarr.tv\/sq\/wp-json\/wp\/v2\/users\/2031"}],"replies":[{"embeddable":true,"href":"https:\/\/zjarr.tv\/sq\/wp-json\/wp\/v2\/comments?post=184851"}],"version-history":[{"count":0,"href":"https:\/\/zjarr.tv\/sq\/wp-json\/wp\/v2\/posts\/184851\/revisions"}],"wp:featuredmedia":[{"embeddable":true,"href":"https:\/\/zjarr.tv\/sq\/wp-json\/wp\/v2\/media\/184852"}],"wp:attachment":[{"href":"https:\/\/zjarr.tv\/sq\/wp-json\/wp\/v2\/media?parent=184851"}],"wp:term":[{"taxonomy":"category","embeddable":true,"href":"https:\/\/zjarr.tv\/sq\/wp-json\/wp\/v2\/categories?post=184851"},{"taxonomy":"post_tag","embeddable":true,"href":"https:\/\/zjarr.tv\/sq\/wp-json\/wp\/v2\/tags?post=184851"}],"curies":[{"name":"wp","href":"https:\/\/api.w.org\/{rel}","templated":true}]}}