{"id":184855,"date":"2021-05-26T18:00:09","date_gmt":"2021-05-26T16:00:09","guid":{"rendered":"https:\/\/zjarr.tv\/?p=184855"},"modified":"2021-05-26T18:00:09","modified_gmt":"2021-05-26T16:00:09","slug":"padia-e-voltana-ademit-per-zgjedhjet-e-30-qershorit-gjykata-kushtetuese-cakton-seancen-e-pare","status":"publish","type":"post","link":"https:\/\/zjarr.tv\/sq\/padia-e-voltana-ademit-per-zgjedhjet-e-30-qershorit-gjykata-kushtetuese-cakton-seancen-e-pare\/","title":{"rendered":"Padia e Voltana Ademit p\u00ebr zgjedhjet e 30 qershorit, Gjykata Kushtetuese cakton seanc\u00ebn e pare"},"content":{"rendered":"<p style=\"background: white; margin: 0in 0in 19.5pt 0in;\">Gjykata Kushtetuese ka caktuar dat\u00ebn 23 qershor p\u00ebr t\u00eb shqyrtuar k\u00ebrkes\u00ebn e kryebashkiakes s\u00eb Shkodr\u00ebs, Voltana Ademi, lidhur m\u00eb zgjedhjet e 30 qershorit t\u00eb 2019.<\/p>\n<p style=\"background: white; -webkit-tap-highlight-color: transparent !important; box-sizing: border-box; overflow-wrap: break-word; font-variant-ligatures: normal; font-variant-caps: normal; orphans: 2; widows: 2; -webkit-text-stroke-width: 0px; text-decoration-thickness: initial; text-decoration-style: initial; text-decoration-color: initial; word-spacing: 0px; margin: 0in 0in 19.5pt 0in;\">Partia Demokratike dhe L\u00ebvizja Socialiste nuk u fut\u00ebn n\u00eb k\u00ebto zgjedhje, duke i bojkotuar ato. K\u00ebta t\u00eb fundit e kan\u00eb \u00e7uar \u00e7\u00ebshtjen n\u00eb Gjykat\u00ebn Kushtetuese, duke i k\u00ebrkuar shpalljen e pavlefshm\u00ebris\u00eb s\u00eb tyre dhe rip\u00ebrs\u00ebritjen.<\/p>\n<p style=\"background: white; -webkit-tap-highlight-color: transparent !important; box-sizing: border-box; overflow-wrap: break-word; font-variant-ligatures: normal; font-variant-caps: normal; orphans: 2; widows: 2; -webkit-text-stroke-width: 0px; text-decoration-thickness: initial; text-decoration-style: initial; text-decoration-color: initial; word-spacing: 0px; margin: 0in 0in 19.5pt 0in;\">Subjekt i interesuar: Presidenti Republik\u00ebs s\u00eb Shqip\u00ebris\u00eb, Kuvendi i Republik\u00ebs s\u00eb Shqip\u00ebris\u00eb, K\u00ebshilli i Ministrave, Avokati i Popullit, Komisioni Qendror i Zgjedhjeve dhe Partia Bindja Demokratike.<\/p>\n<p style=\"background: white; -webkit-tap-highlight-color: transparent !important; box-sizing: border-box; overflow-wrap: break-word; font-variant-ligatures: normal; font-variant-caps: normal; orphans: 2; widows: 2; -webkit-text-stroke-width: 0px; text-decoration-thickness: initial; text-decoration-style: initial; text-decoration-color: initial; word-spacing: 0px; margin: 0in 0in 19.5pt 0in;\">Objekti: \u201c1. Konstatimin antikushtetues t\u00eb zgjedhshm\u00ebris\u00eb\/procesit zgjedhor t\u00eb zhvilluar n\u00eb 30 qershor 2019 p\u00ebr zgjedhjen e organeve t\u00eb qeverisjes vendore, t\u00eb kryetar\u00ebve t\u00eb bashkive dhe an\u00ebtar\u00ebve t\u00eb k\u00ebshillave bashkiak\u00eb, dhe si rrjedhoj\u00eb konstatimin antikushtetues t\u00eb zgjedhjes s\u00eb an\u00ebtar\u00ebve t\u00eb k\u00ebtyre organeve.<\/p>\n","protected":false},"excerpt":{"rendered":"<p>Gjykata Kushtetuese ka caktuar dat\u00ebn 23 qershor p\u00ebr t\u00eb shqyrtuar k\u00ebrkes\u00ebn e kryebashkiakes s\u00eb Shkodr\u00ebs, Voltana Ademi, lidhur m\u00eb zgjedhjet e 30 qershorit t\u00eb 2019. Partia Demokratike dhe L\u00ebvizja Socialiste nuk u fut\u00ebn n\u00eb k\u00ebto zgjedhje, duke i bojkotuar ato. K\u00ebta t\u00eb fundit e kan\u00eb \u00e7uar \u00e7\u00ebshtjen n\u00eb Gjykat\u00ebn Kushtetuese, duke i k\u00ebrkuar shpalljen e [&hellip;]<\/p>\n","protected":false},"author":2030,"featured_media":184856,"comment_status":"closed","ping_status":"closed","sticky":false,"template":"","format":"standard","meta":{"footnotes":""},"categories":[241,1454],"tags":[],"class_list":{"0":"post-184855","1":"post","2":"type-post","3":"status-publish","4":"format-standard","5":"has-post-thumbnail","7":"category-aktualitet","8":"category-politike"},"_links":{"self":[{"href":"https:\/\/zjarr.tv\/sq\/wp-json\/wp\/v2\/posts\/184855","targetHints":{"allow":["GET"]}}],"collection":[{"href":"https:\/\/zjarr.tv\/sq\/wp-json\/wp\/v2\/posts"}],"about":[{"href":"https:\/\/zjarr.tv\/sq\/wp-json\/wp\/v2\/types\/post"}],"author":[{"embeddable":true,"href":"https:\/\/zjarr.tv\/sq\/wp-json\/wp\/v2\/users\/2030"}],"replies":[{"embeddable":true,"href":"https:\/\/zjarr.tv\/sq\/wp-json\/wp\/v2\/comments?post=184855"}],"version-history":[{"count":0,"href":"https:\/\/zjarr.tv\/sq\/wp-json\/wp\/v2\/posts\/184855\/revisions"}],"wp:featuredmedia":[{"embeddable":true,"href":"https:\/\/zjarr.tv\/sq\/wp-json\/wp\/v2\/media\/184856"}],"wp:attachment":[{"href":"https:\/\/zjarr.tv\/sq\/wp-json\/wp\/v2\/media?parent=184855"}],"wp:term":[{"taxonomy":"category","embeddable":true,"href":"https:\/\/zjarr.tv\/sq\/wp-json\/wp\/v2\/categories?post=184855"},{"taxonomy":"post_tag","embeddable":true,"href":"https:\/\/zjarr.tv\/sq\/wp-json\/wp\/v2\/tags?post=184855"}],"curies":[{"name":"wp","href":"https:\/\/api.w.org\/{rel}","templated":true}]}}