{"id":184859,"date":"2021-05-26T18:09:32","date_gmt":"2021-05-26T16:09:32","guid":{"rendered":"https:\/\/zjarr.tv\/?p=184859"},"modified":"2021-05-26T18:09:32","modified_gmt":"2021-05-26T16:09:32","slug":"ambasadori-i-be-shqiperia-eshte-model","status":"publish","type":"post","link":"https:\/\/zjarr.tv\/sq\/ambasadori-i-be-shqiperia-eshte-model\/","title":{"rendered":"Ambasadori i BE: Shqip\u00ebria \u00ebsht\u00eb model"},"content":{"rendered":"<p>Ambasadori i BE-s\u00eb n\u00eb Shqip\u00ebri, Luigi Soreca nga Kakavija n\u00eb nj\u00eb prononcim p\u00ebr mediat vler\u00ebsoi bashk\u00ebpunimin e policis\u00eb shqiptare me FRONTEX si model n\u00eb rajon.<\/p>\n<p>\u201cKy bashk\u00ebpunim ka sh\u00ebrbyer si nj\u00eb model n\u00eb rajon. Shqip\u00ebria vazhdon t\u00eb jet\u00eb nj\u00eb model n\u00eb zgjerimin e bashk\u00ebpunimit t\u00eb p\u00ebrbashk\u00ebt. Kemi pasur rezultate konkrete bashk\u00ebpunimi. Prania e FRONTEX \u00ebsht\u00eb d\u00ebshmi e sfidave tonat t\u00eb p\u00ebrbashk\u00ebta. Do t\u00eb angazhohemi me policin\u00eb shqiptare dhe mb\u00ebshtetje financiare\u201d tha ai.<\/p>\n<p>Edhe ministri i Brendsh\u00ebm Bledi \u00c7u\u00e7i tha se Shqip\u00ebria \u00ebsht\u00eb shembull. \u201cModel i jasht\u00ebzakonsh\u00ebm bashk\u00ebpunimi. Vullneti i qeveris\u00eb shqiptare p\u00ebr t\u00eb qen\u00eb pjes\u00eb e BE. Jan\u00eb marr\u00ebveshje t\u00eb tilla q\u00eb e jet\u00ebsojn\u00eb k\u00ebt\u00eb aspirat\u00eb p\u00ebr t\u00eb qen\u00eb pjes\u00eb e BE-s\u00eb.<\/p>\n<p>Shqip\u00ebria po b\u00ebhet nj\u00eb model q\u00eb po ndiqet edhe nga vende t\u00eb tjera jo an\u00ebtare t\u00eb BE fal\u00eb rezultateve pozitive t\u00eb k\u00ebtij bashk\u00ebpunimi. Marr\u00ebveshja me FRONTEX nuk esht\u00eb nj\u00eb rast i shk\u00ebputur. Shqip\u00ebria \u00ebsht\u00eb ftuar nga Europol jo vet\u00ebm si pjes\u00eb e hetimeve evropiane por edhe t\u00eb udh\u00ebheq\u00eb nj\u00eb nga k\u00ebto grupet n\u00eb luft\u00ebn kund\u00ebr trafikut\u201d tha ai.<\/p>\n<p>Shefi i FRONTEX u shpreh se \u201cjemi krenar\u00eb p\u00ebr k\u00ebt\u00eb bashk\u00ebpunim me Shqip\u00ebrin\u00eb. K\u00ebto operacione kan\u00eb dh\u00ebn\u00eb rezultate pozitive n\u00eb forma t\u00eb ndryshme t\u00eb krimit nd\u00ebrkufitar. Frontex do t\u00eb vazhdoj\u00eb mb\u00ebshtetjen e Shqip\u00ebris\u00eb p\u00ebr aspiratat tuaja t\u00eb integrimit dhe kemi filluar donacioni e dyt\u00eb n\u00eb Shqip\u00ebri\u201d. Ekipi i FRONTEX u nderua me medaljen e nderit.<\/p>\n","protected":false},"excerpt":{"rendered":"<p>Ambasadori i BE-s\u00eb n\u00eb Shqip\u00ebri, Luigi Soreca nga Kakavija n\u00eb nj\u00eb prononcim p\u00ebr mediat vler\u00ebsoi bashk\u00ebpunimin e policis\u00eb shqiptare me FRONTEX si model n\u00eb rajon. \u201cKy bashk\u00ebpunim ka sh\u00ebrbyer si nj\u00eb model n\u00eb rajon. Shqip\u00ebria vazhdon t\u00eb jet\u00eb nj\u00eb model n\u00eb zgjerimin e bashk\u00ebpunimit t\u00eb p\u00ebrbashk\u00ebt. Kemi pasur rezultate konkrete bashk\u00ebpunimi. Prania e FRONTEX \u00ebsht\u00eb [&hellip;]<\/p>\n","protected":false},"author":2031,"featured_media":184860,"comment_status":"closed","ping_status":"closed","sticky":false,"template":"","format":"standard","meta":{"footnotes":""},"categories":[231],"tags":[312,3320,329],"class_list":{"0":"post-184859","1":"post","2":"type-post","3":"status-publish","4":"format-standard","5":"has-post-thumbnail","7":"category-lajme","8":"tag-lajme","9":"tag-soreca","10":"tag-zjarr-tv"},"_links":{"self":[{"href":"https:\/\/zjarr.tv\/sq\/wp-json\/wp\/v2\/posts\/184859","targetHints":{"allow":["GET"]}}],"collection":[{"href":"https:\/\/zjarr.tv\/sq\/wp-json\/wp\/v2\/posts"}],"about":[{"href":"https:\/\/zjarr.tv\/sq\/wp-json\/wp\/v2\/types\/post"}],"author":[{"embeddable":true,"href":"https:\/\/zjarr.tv\/sq\/wp-json\/wp\/v2\/users\/2031"}],"replies":[{"embeddable":true,"href":"https:\/\/zjarr.tv\/sq\/wp-json\/wp\/v2\/comments?post=184859"}],"version-history":[{"count":0,"href":"https:\/\/zjarr.tv\/sq\/wp-json\/wp\/v2\/posts\/184859\/revisions"}],"wp:featuredmedia":[{"embeddable":true,"href":"https:\/\/zjarr.tv\/sq\/wp-json\/wp\/v2\/media\/184860"}],"wp:attachment":[{"href":"https:\/\/zjarr.tv\/sq\/wp-json\/wp\/v2\/media?parent=184859"}],"wp:term":[{"taxonomy":"category","embeddable":true,"href":"https:\/\/zjarr.tv\/sq\/wp-json\/wp\/v2\/categories?post=184859"},{"taxonomy":"post_tag","embeddable":true,"href":"https:\/\/zjarr.tv\/sq\/wp-json\/wp\/v2\/tags?post=184859"}],"curies":[{"name":"wp","href":"https:\/\/api.w.org\/{rel}","templated":true}]}}