{"id":184872,"date":"2021-05-26T19:05:53","date_gmt":"2021-05-26T17:05:53","guid":{"rendered":"https:\/\/zjarr.tv\/?p=184872"},"modified":"2021-05-26T19:05:53","modified_gmt":"2021-05-26T17:05:53","slug":"platforma-e-agron-shehajt-tregon-kater-ndryshimet-madhore-ne-pd-sdo-pranojme-financime-nga","status":"publish","type":"post","link":"https:\/\/zjarr.tv\/sq\/platforma-e-agron-shehajt-tregon-kater-ndryshimet-madhore-ne-pd-sdo-pranojme-financime-nga\/","title":{"rendered":"Platforma e Agron Shehajt, tregon kat\u00ebr ndryshimet madhore n\u00eb PD: S\u2019do pranojm\u00eb financime nga\u2026"},"content":{"rendered":"<p style=\"background: white; margin: 0in 0in 19.5pt 0in;\">Kandidati p\u00ebr kryetar t\u00eb Partis\u00eb Demokratike Agron Shehaj ka shpalosur kat\u00ebr pika, q\u00eb sipas tij do t\u00eb sjellin nj\u00eb reform\u00eb t\u00eb thell\u00eb n\u00eb k\u00ebt\u00eb parti.<\/p>\n<p style=\"background: white; -webkit-tap-highlight-color: transparent !important; box-sizing: border-box; overflow-wrap: break-word; font-variant-ligatures: normal; font-variant-caps: normal; orphans: 2; widows: 2; -webkit-text-stroke-width: 0px; text-decoration-thickness: initial; text-decoration-style: initial; text-decoration-color: initial; word-spacing: 0px; margin: 0in 0in 19.5pt 0in;\">Shehaj, n\u00ebse vjen n\u00eb krye t\u00eb PD, planifikon ndryshimin e statutit duke i ndaluar mund\u00ebsin\u00eb p\u00ebr rikandidim \u00e7do kryetari q\u00eb humbet zgjedhjet.<\/p>\n<p style=\"background: white; -webkit-tap-highlight-color: transparent !important; box-sizing: border-box; overflow-wrap: break-word; font-variant-ligatures: normal; font-variant-caps: normal; orphans: 2; widows: 2; -webkit-text-stroke-width: 0px; text-decoration-thickness: initial; text-decoration-style: initial; text-decoration-color: initial; word-spacing: 0px; margin: 0in 0in 19.5pt 0in;\">N\u00eb pik\u00ebn e dyt\u00eb, Shehaj thot\u00eb se kandidat\u00ebt p\u00ebr postet politike si deputet\u00eb, kryetar\u00eb bashkie etj., do t\u00eb zgjidhen p\u00ebrmes sistemit nj\u00eb an\u00ebtar-nj\u00eb vot\u00eb.<\/p>\n<p style=\"background: white; -webkit-tap-highlight-color: transparent !important; box-sizing: border-box; overflow-wrap: break-word; font-variant-ligatures: normal; font-variant-caps: normal; orphans: 2; widows: 2; -webkit-text-stroke-width: 0px; text-decoration-thickness: initial; text-decoration-style: initial; text-decoration-color: initial; word-spacing: 0px; margin: 0in 0in 19.5pt 0in;\">Pika e tret\u00eb e platform\u00ebs s\u00eb Shehajt ka t\u00eb b\u00ebj\u00eb me implementimin e sistemit elektronik p\u00ebr votimet nga an\u00ebtar\u00ebsia.<\/p>\n<p style=\"background: white; -webkit-tap-highlight-color: transparent !important; box-sizing: border-box; overflow-wrap: break-word; font-variant-ligatures: normal; font-variant-caps: normal; orphans: 2; widows: 2; -webkit-text-stroke-width: 0px; text-decoration-thickness: initial; text-decoration-style: initial; text-decoration-color: initial; word-spacing: 0px; margin: 0in 0in 19.5pt 0in;\">Dhe pika e kat\u00ebrt, \u00ebsht\u00eb bllokimi i financimeve p\u00ebr PD-n\u00eb, nga sip\u00ebrmarr\u00ebs t\u00eb m\u00ebdhenj, p\u00ebrfitues t\u00eb fondeve publike apo t\u00eb p\u00ebrfolur n\u00eb afera.<\/p>\n<p style=\"background: white; -webkit-tap-highlight-color: transparent !important; box-sizing: border-box; overflow-wrap: break-word; font-variant-ligatures: normal; font-variant-caps: normal; orphans: 2; widows: 2; -webkit-text-stroke-width: 0px; text-decoration-thickness: initial; text-decoration-style: initial; text-decoration-color: initial; word-spacing: 0px; margin: 0in 0in 19.5pt 0in;\">\u201cPartia Demokratike ka nevoj\u00eb p\u00ebr reforma t\u00eb thella. Ajo duhet t\u00eb b\u00ebhet m\u00eb e lir\u00eb, m\u00eb meritokratike dhe m\u00eb transparente ndaj publikut. K\u00ebshtu do shp\u00ebrblehen ata q\u00eb e \u00e7ojn\u00eb n\u00eb fitore, k\u00ebshtu do mund t\u00eb afrohen an\u00ebtar\u00eb t\u00eb rinj dhe t\u00eb aft\u00eb. Plaftorma q\u00eb propozoj p\u00ebrmban k\u00ebto 4 pika. #partiaqefito\u201d, shkruan Shehaj.<\/p>\n","protected":false},"excerpt":{"rendered":"<p>Kandidati p\u00ebr kryetar t\u00eb Partis\u00eb Demokratike Agron Shehaj ka shpalosur kat\u00ebr pika, q\u00eb sipas tij do t\u00eb sjellin nj\u00eb reform\u00eb t\u00eb thell\u00eb n\u00eb k\u00ebt\u00eb parti. Shehaj, n\u00ebse vjen n\u00eb krye t\u00eb PD, planifikon ndryshimin e statutit duke i ndaluar mund\u00ebsin\u00eb p\u00ebr rikandidim \u00e7do kryetari q\u00eb humbet zgjedhjet. N\u00eb pik\u00ebn e dyt\u00eb, Shehaj thot\u00eb se kandidat\u00ebt [&hellip;]<\/p>\n","protected":false},"author":2030,"featured_media":183923,"comment_status":"closed","ping_status":"closed","sticky":false,"template":"","format":"standard","meta":{"footnotes":""},"categories":[241,1454],"tags":[],"class_list":{"0":"post-184872","1":"post","2":"type-post","3":"status-publish","4":"format-standard","5":"has-post-thumbnail","7":"category-aktualitet","8":"category-politike"},"_links":{"self":[{"href":"https:\/\/zjarr.tv\/sq\/wp-json\/wp\/v2\/posts\/184872","targetHints":{"allow":["GET"]}}],"collection":[{"href":"https:\/\/zjarr.tv\/sq\/wp-json\/wp\/v2\/posts"}],"about":[{"href":"https:\/\/zjarr.tv\/sq\/wp-json\/wp\/v2\/types\/post"}],"author":[{"embeddable":true,"href":"https:\/\/zjarr.tv\/sq\/wp-json\/wp\/v2\/users\/2030"}],"replies":[{"embeddable":true,"href":"https:\/\/zjarr.tv\/sq\/wp-json\/wp\/v2\/comments?post=184872"}],"version-history":[{"count":0,"href":"https:\/\/zjarr.tv\/sq\/wp-json\/wp\/v2\/posts\/184872\/revisions"}],"wp:featuredmedia":[{"embeddable":true,"href":"https:\/\/zjarr.tv\/sq\/wp-json\/wp\/v2\/media\/183923"}],"wp:attachment":[{"href":"https:\/\/zjarr.tv\/sq\/wp-json\/wp\/v2\/media?parent=184872"}],"wp:term":[{"taxonomy":"category","embeddable":true,"href":"https:\/\/zjarr.tv\/sq\/wp-json\/wp\/v2\/categories?post=184872"},{"taxonomy":"post_tag","embeddable":true,"href":"https:\/\/zjarr.tv\/sq\/wp-json\/wp\/v2\/tags?post=184872"}],"curies":[{"name":"wp","href":"https:\/\/api.w.org\/{rel}","templated":true}]}}