{"id":184875,"date":"2021-05-26T19:16:38","date_gmt":"2021-05-26T17:16:38","guid":{"rendered":"https:\/\/zjarr.tv\/?p=184875"},"modified":"2021-05-26T19:16:38","modified_gmt":"2021-05-26T17:16:38","slug":"jo-do-te-thote-jo-yuri-kim-mesazh-te-forte-per-perdhunimin-e-15-vjecares-ne-mirdite-ti-nuk-je-vetem","status":"publish","type":"post","link":"https:\/\/zjarr.tv\/sq\/jo-do-te-thote-jo-yuri-kim-mesazh-te-forte-per-perdhunimin-e-15-vjecares-ne-mirdite-ti-nuk-je-vetem\/","title":{"rendered":"\u201cJo do t\u00eb thot\u00eb jo\u201d, Yuri Kim mesazh t\u00eb fort\u00eb p\u00ebr p\u00ebrdhunimin e 15-vje\u00e7ares n\u00eb Mirdit\u00eb: Ti nuk je vet\u00ebm\u2026"},"content":{"rendered":"<p>Ambasadorja amerikane n\u00eb Tiran\u00eb, Yuri Kim, ka reaguar n\u00eb lidhje me p\u00ebrdhunimin e 5-fisht\u00eb t\u00eb 15-vje\u00e7ares n\u00eb Mirdit\u00eb. P\u00ebrmes nj\u00eb postimi n\u00eb Twitter, diplomatja d\u00ebnon p\u00ebrdhunimin si nj\u00eb vep\u00ebr penale q\u00eb shkel t\u00eb drejtat e njeriut dhe thekson se tani \u00ebsht\u00eb koha q\u00eb t\u00eb b\u00ebhet sh\u00ebrimi i plot\u00eb sh\u00ebndet\u00ebsor\u00eb i vajz\u00ebs dhe drejt\u00ebsia t\u00eb veproj\u00eb p\u00ebr d\u00ebnimin e krimit.<\/p>\n<p>\u201cFund dhun\u00ebs ndaj grave. Jo do t\u00eb thot\u00eb Jo. Ti nuk je vet\u00ebm!\u201d, e mbyll postimin e saj ambasadorja Kim<\/p>\n<p><strong>Postimi i Yuri Kim n\u00eb Twitter:<\/strong>\u00a0<em>Ne u bashkohemi aktivist\u00ebve dhe t\u00eb tjer\u00ebve q\u00eb flasin p\u00ebr t\u00eb d\u00ebnuar p\u00ebrdhunimin e fundit t\u00eb nj\u00eb vajze t\u00eb re. P\u00ebrdhunimi \u00ebsht\u00eb nj\u00eb vep\u00ebr penale dhe shkelje serioze e t\u00eb drejtave t\u00eb njeriut. Prioriteti tani: 1) sh\u00ebrbime sociale dhe sh\u00ebndet\u00ebsore p\u00ebr sh\u00ebrimin e plot\u00eb t\u00eb vajz\u00ebs, 2) drejt\u00ebsia. Fundi i dhun\u00ebs ndaj grave. JO do te thote JO # tinukjevetem<\/em><\/p>\n<p><img loading=\"lazy\" decoding=\"async\" class=\"alignnone size-medium wp-image-184876\" src=\"https:\/\/zjarr.tv\/wp-content\/uploads\/2021\/05\/Untitled-design-2021-05-26T191555.031-300x251.jpg\" alt=\"\" width=\"300\" height=\"251\" srcset=\"https:\/\/zjarr.tv\/wp-content\/uploads\/2021\/05\/Untitled-design-2021-05-26T191555.031-300x251.jpg 300w, https:\/\/zjarr.tv\/wp-content\/uploads\/2021\/05\/Untitled-design-2021-05-26T191555.031-768x644.jpg 768w, https:\/\/zjarr.tv\/wp-content\/uploads\/2021\/05\/Untitled-design-2021-05-26T191555.031-696x583.jpg 696w, https:\/\/zjarr.tv\/wp-content\/uploads\/2021\/05\/Untitled-design-2021-05-26T191555.031-501x420.jpg 501w, https:\/\/zjarr.tv\/wp-content\/uploads\/2021\/05\/Untitled-design-2021-05-26T191555.031.jpg 940w\" sizes=\"auto, (max-width: 300px) 100vw, 300px\" \/><\/p>\n","protected":false},"excerpt":{"rendered":"<p>Ambasadorja amerikane n\u00eb Tiran\u00eb, Yuri Kim, ka reaguar n\u00eb lidhje me p\u00ebrdhunimin e 5-fisht\u00eb t\u00eb 15-vje\u00e7ares n\u00eb Mirdit\u00eb. P\u00ebrmes nj\u00eb postimi n\u00eb Twitter, diplomatja d\u00ebnon p\u00ebrdhunimin si nj\u00eb vep\u00ebr penale q\u00eb shkel t\u00eb drejtat e njeriut dhe thekson se tani \u00ebsht\u00eb koha q\u00eb t\u00eb b\u00ebhet sh\u00ebrimi i plot\u00eb sh\u00ebndet\u00ebsor\u00eb i vajz\u00ebs dhe drejt\u00ebsia t\u00eb veproj\u00eb [&hellip;]<\/p>\n","protected":false},"author":2030,"featured_media":158919,"comment_status":"closed","ping_status":"closed","sticky":false,"template":"","format":"standard","meta":{"footnotes":""},"categories":[241],"tags":[],"class_list":{"0":"post-184875","1":"post","2":"type-post","3":"status-publish","4":"format-standard","5":"has-post-thumbnail","7":"category-aktualitet"},"_links":{"self":[{"href":"https:\/\/zjarr.tv\/sq\/wp-json\/wp\/v2\/posts\/184875","targetHints":{"allow":["GET"]}}],"collection":[{"href":"https:\/\/zjarr.tv\/sq\/wp-json\/wp\/v2\/posts"}],"about":[{"href":"https:\/\/zjarr.tv\/sq\/wp-json\/wp\/v2\/types\/post"}],"author":[{"embeddable":true,"href":"https:\/\/zjarr.tv\/sq\/wp-json\/wp\/v2\/users\/2030"}],"replies":[{"embeddable":true,"href":"https:\/\/zjarr.tv\/sq\/wp-json\/wp\/v2\/comments?post=184875"}],"version-history":[{"count":0,"href":"https:\/\/zjarr.tv\/sq\/wp-json\/wp\/v2\/posts\/184875\/revisions"}],"wp:featuredmedia":[{"embeddable":true,"href":"https:\/\/zjarr.tv\/sq\/wp-json\/wp\/v2\/media\/158919"}],"wp:attachment":[{"href":"https:\/\/zjarr.tv\/sq\/wp-json\/wp\/v2\/media?parent=184875"}],"wp:term":[{"taxonomy":"category","embeddable":true,"href":"https:\/\/zjarr.tv\/sq\/wp-json\/wp\/v2\/categories?post=184875"},{"taxonomy":"post_tag","embeddable":true,"href":"https:\/\/zjarr.tv\/sq\/wp-json\/wp\/v2\/tags?post=184875"}],"curies":[{"name":"wp","href":"https:\/\/api.w.org\/{rel}","templated":true}]}}