{"id":184880,"date":"2021-05-26T19:22:14","date_gmt":"2021-05-26T17:22:14","guid":{"rendered":"https:\/\/zjarr.tv\/?p=184880"},"modified":"2021-05-26T19:22:14","modified_gmt":"2021-05-26T17:22:14","slug":"te-shtena-me-arme-trondisin-nje-stacion-hekurudhor-ne-kaliforni-raportohet-per-disa-te-vdekur","status":"publish","type":"post","link":"https:\/\/zjarr.tv\/sq\/te-shtena-me-arme-trondisin-nje-stacion-hekurudhor-ne-kaliforni-raportohet-per-disa-te-vdekur\/","title":{"rendered":"T\u00eb sht\u00ebna me arm\u00eb trondisin nj\u00eb stacion hekurudhor n\u00eb Kaliforni, raportohet p\u00ebr disa t\u00eb vdekur"},"content":{"rendered":"<p>Nj\u00eb person i armatosur ka hapur zjarr n\u00eb nj\u00eb stacion trenash n\u00eb Kaliforni, duke vrar\u00eb disa njer\u00ebz, thot\u00eb policia.<\/p>\n<p>T\u00eb sht\u00ebnat u raportuan t\u00eb m\u00ebrkur\u00ebn n\u00eb oborrin hekurudhor t\u00eb Autoritetit t\u00eb Transportit t\u00eb Santa Clara Valley n\u00eb San Jose.<\/p>\n<p>Viktimat p\u00ebrfshijn\u00eb punonj\u00ebs t\u00eb transportit si dhe vet\u00eb agresori, thot\u00eb policia.T\u00eb sht\u00ebnat u raportuan n\u00eb 06:45 me koh\u00ebn lokale (14: 45GMT), shkruan BBC.<\/p>\n<p>\u201cKa shum\u00eb viktima n\u00eb k\u00ebt\u00eb pik\u00eb,\u201d tha zv\/Z\u00ebdh\u00ebn\u00ebsi i Sherifit t\u00eb Qarkut Santa Clara Russell Davis, duke shtuar: \u201cUn\u00eb nuk mund t\u00eb konfirmoj numrin e sakt\u00eb, por mund t\u00eb konfirmoj d\u00ebmtime t\u00eb shumta dhe viktima t\u00eb shumta n\u00eb k\u00ebt\u00eb pik\u00eb\u201d.<\/p>\n<p>Kryebashkiaku i San Hoze Sam Liccardo u tha gazetar\u00ebve \u201ckjo \u00ebsht\u00eb nj\u00eb dit\u00eb e tmerrshme p\u00ebr qytetin ton\u00eb\u201d, duke shtuar: \u201cV\u00ebmendja ime do t\u00eb kthehet p\u00ebr t\u00eb siguruar q\u00eb kjo t\u00eb mos ndodh\u00eb m\u00eb kurr\u00eb n\u00eb qytetin ton\u00eb\u201d.<\/p>\n<p>Sipas CBS Ne\u00ebs n\u00eb San Francisko, t\u00eb pakt\u00ebn gjasht\u00eb vet\u00eb u vran\u00eb, por numri nuk \u00ebsht\u00eb konfirmuar ende nga policia.<\/p>\n<p>Stacioni raporton se t\u00eb sht\u00ebnat shp\u00ebrthyen gjat\u00eb nj\u00eb takimi t\u00eb punonj\u00ebsve p\u00ebr pun\u00ebtor\u00ebt e hekurudh\u00ebs. T\u00eb sht\u00ebnat mbyll\u00ebn trafikun n\u00eb rrug\u00ebt aty pran\u00eb gjat\u00eb udh\u00ebtimit n\u00eb m\u00ebngjes.<\/p>\n","protected":false},"excerpt":{"rendered":"<p>Nj\u00eb person i armatosur ka hapur zjarr n\u00eb nj\u00eb stacion trenash n\u00eb Kaliforni, duke vrar\u00eb disa njer\u00ebz, thot\u00eb policia. T\u00eb sht\u00ebnat u raportuan t\u00eb m\u00ebrkur\u00ebn n\u00eb oborrin hekurudhor t\u00eb Autoritetit t\u00eb Transportit t\u00eb Santa Clara Valley n\u00eb San Jose. Viktimat p\u00ebrfshijn\u00eb punonj\u00ebs t\u00eb transportit si dhe vet\u00eb agresori, thot\u00eb policia.T\u00eb sht\u00ebnat u raportuan n\u00eb 06:45 [&hellip;]<\/p>\n","protected":false},"author":2031,"featured_media":184881,"comment_status":"closed","ping_status":"closed","sticky":false,"template":"","format":"standard","meta":{"footnotes":""},"categories":[231],"tags":[3322,312,458],"class_list":{"0":"post-184880","1":"post","2":"type-post","3":"status-publish","4":"format-standard","5":"has-post-thumbnail","7":"category-lajme","8":"tag-kaliforni","9":"tag-lajme","10":"tag-zjarrtv"},"_links":{"self":[{"href":"https:\/\/zjarr.tv\/sq\/wp-json\/wp\/v2\/posts\/184880","targetHints":{"allow":["GET"]}}],"collection":[{"href":"https:\/\/zjarr.tv\/sq\/wp-json\/wp\/v2\/posts"}],"about":[{"href":"https:\/\/zjarr.tv\/sq\/wp-json\/wp\/v2\/types\/post"}],"author":[{"embeddable":true,"href":"https:\/\/zjarr.tv\/sq\/wp-json\/wp\/v2\/users\/2031"}],"replies":[{"embeddable":true,"href":"https:\/\/zjarr.tv\/sq\/wp-json\/wp\/v2\/comments?post=184880"}],"version-history":[{"count":0,"href":"https:\/\/zjarr.tv\/sq\/wp-json\/wp\/v2\/posts\/184880\/revisions"}],"wp:featuredmedia":[{"embeddable":true,"href":"https:\/\/zjarr.tv\/sq\/wp-json\/wp\/v2\/media\/184881"}],"wp:attachment":[{"href":"https:\/\/zjarr.tv\/sq\/wp-json\/wp\/v2\/media?parent=184880"}],"wp:term":[{"taxonomy":"category","embeddable":true,"href":"https:\/\/zjarr.tv\/sq\/wp-json\/wp\/v2\/categories?post=184880"},{"taxonomy":"post_tag","embeddable":true,"href":"https:\/\/zjarr.tv\/sq\/wp-json\/wp\/v2\/tags?post=184880"}],"curies":[{"name":"wp","href":"https:\/\/api.w.org\/{rel}","templated":true}]}}