{"id":184884,"date":"2021-05-26T19:46:44","date_gmt":"2021-05-26T17:46:44","guid":{"rendered":"https:\/\/zjarr.tv\/?p=184884"},"modified":"2021-05-26T19:46:44","modified_gmt":"2021-05-26T17:46:44","slug":"pas-akuzave-te-forta-kunder-biden-erdogan-ndryshim-spektakolar-ndaj-shba-ve","status":"publish","type":"post","link":"https:\/\/zjarr.tv\/sq\/pas-akuzave-te-forta-kunder-biden-erdogan-ndryshim-spektakolar-ndaj-shba-ve\/","title":{"rendered":"Pas akuzave t\u00eb forta kund\u00ebr Biden, Erdogan ndryshim spektakolar ndaj SHBA-ve"},"content":{"rendered":"<p>Rexhep Tajip Erdogan njoftoi nj\u00eb ndryshim t\u00eb madh n\u00eb politik\u00ebn e tij ndaj Shteteve t\u00eb Bashkuara gjat\u00eb nj\u00eb telekonference q\u00eb mbajti me drejtuesit e nd\u00ebrmarrjeve t\u00eb m\u00ebdha amerikane.<\/p>\n<p>\u201cDeklarata e Biden mbi ngjarjet e vitit 1915 i shtoi pesh\u00eb marr\u00ebdh\u00ebnieve tona me Shtetet e Bashkuara, por un\u00eb besoj se takimi q\u00eb do t\u00eb kemi me Z. Biden n\u00eb Samitin e NATO-s do t\u00eb paralajm\u00ebroj\u00eb nj\u00eb epok\u00eb t\u00eb re n\u00eb marr\u00ebdh\u00ebniet tona.\u201d tha Erdogan.<\/p>\n<p>Presidenti i Turqis\u00eb deklaroi se \u201cmegjith\u00eb pik\u00ebpamjet tona t\u00eb ndryshme me Shtetet e Bashkuara, ne kemi marr\u00ebdh\u00ebnie aleate t\u00eb rr\u00ebnjosura thell\u00eb dhe u kushtojm\u00eb shum\u00eb r\u00ebnd\u00ebsi atyre.<\/p>\n<p>\u201cFal\u00ebnderoj t\u00eb gjitha kompanit\u00eb amerikane q\u00eb i besojn\u00eb Turqis\u00eb dhe ekonomis\u00eb turke\u201d ka p\u00ebrfunduar Erdogan.<\/p>\n<p>Jav\u00ebn e kaluar, Erdogan akuzoi Shtetet e Bashkuara p\u00ebr mb\u00ebshtetjen e Izraelit dhe pretendoi se \u201d Biden ka gjak n\u00eb duar\u201d<\/p>\n","protected":false},"excerpt":{"rendered":"<p>Rexhep Tajip Erdogan njoftoi nj\u00eb ndryshim t\u00eb madh n\u00eb politik\u00ebn e tij ndaj Shteteve t\u00eb Bashkuara gjat\u00eb nj\u00eb telekonference q\u00eb mbajti me drejtuesit e nd\u00ebrmarrjeve t\u00eb m\u00ebdha amerikane. \u201cDeklarata e Biden mbi ngjarjet e vitit 1915 i shtoi pesh\u00eb marr\u00ebdh\u00ebnieve tona me Shtetet e Bashkuara, por un\u00eb besoj se takimi q\u00eb do t\u00eb kemi me [&hellip;]<\/p>\n","protected":false},"author":2031,"featured_media":184885,"comment_status":"closed","ping_status":"closed","sticky":false,"template":"","format":"standard","meta":{"footnotes":""},"categories":[231],"tags":[],"class_list":{"0":"post-184884","1":"post","2":"type-post","3":"status-publish","4":"format-standard","5":"has-post-thumbnail","7":"category-lajme"},"_links":{"self":[{"href":"https:\/\/zjarr.tv\/sq\/wp-json\/wp\/v2\/posts\/184884","targetHints":{"allow":["GET"]}}],"collection":[{"href":"https:\/\/zjarr.tv\/sq\/wp-json\/wp\/v2\/posts"}],"about":[{"href":"https:\/\/zjarr.tv\/sq\/wp-json\/wp\/v2\/types\/post"}],"author":[{"embeddable":true,"href":"https:\/\/zjarr.tv\/sq\/wp-json\/wp\/v2\/users\/2031"}],"replies":[{"embeddable":true,"href":"https:\/\/zjarr.tv\/sq\/wp-json\/wp\/v2\/comments?post=184884"}],"version-history":[{"count":0,"href":"https:\/\/zjarr.tv\/sq\/wp-json\/wp\/v2\/posts\/184884\/revisions"}],"wp:featuredmedia":[{"embeddable":true,"href":"https:\/\/zjarr.tv\/sq\/wp-json\/wp\/v2\/media\/184885"}],"wp:attachment":[{"href":"https:\/\/zjarr.tv\/sq\/wp-json\/wp\/v2\/media?parent=184884"}],"wp:term":[{"taxonomy":"category","embeddable":true,"href":"https:\/\/zjarr.tv\/sq\/wp-json\/wp\/v2\/categories?post=184884"},{"taxonomy":"post_tag","embeddable":true,"href":"https:\/\/zjarr.tv\/sq\/wp-json\/wp\/v2\/tags?post=184884"}],"curies":[{"name":"wp","href":"https:\/\/api.w.org\/{rel}","templated":true}]}}