{"id":184888,"date":"2021-05-26T19:56:43","date_gmt":"2021-05-26T17:56:43","guid":{"rendered":"https:\/\/zjarr.tv\/?p=184888"},"modified":"2021-05-26T19:56:43","modified_gmt":"2021-05-26T17:56:43","slug":"permiresimi-i-raporteve-prishtine-athine-nuk-jane-gje-e-mire-aleksander-vucic-i-shqetesuar-nga-zhvillimet-e-fundit-greqi-kosove","status":"publish","type":"post","link":"https:\/\/zjarr.tv\/sq\/permiresimi-i-raporteve-prishtine-athine-nuk-jane-gje-e-mire-aleksander-vucic-i-shqetesuar-nga-zhvillimet-e-fundit-greqi-kosove\/","title":{"rendered":"\u201cP\u00ebrmir\u00ebsimi i raporteve Prishtin\u00eb-Athin\u00eb nuk jan\u00eb gj\u00eb e mir\u00eb\u201d, Aleksand\u00ebr Vu\u00e7i\u00e7 i shqet\u00ebsuar nga zhvillimet e fundit Greqi-Kosov\u00eb"},"content":{"rendered":"<p>Presidenti i Serbis\u00eb, Aleksandar Vu\u00e7i\u00e7, tha t\u00eb m\u00ebrkur\u00ebn se Greqia e siguron Beogradin se nuk do ta njoh\u00eb Kosov\u00ebn, por sipas tij, zhvillimi i raporteve mes Prishtin\u00ebs dhe Athin\u00ebs \u201cnuk \u00ebsht\u00eb lajm i mir\u00eb\u201d p\u00ebr Serbin\u00eb.<\/p>\n<p>K\u00ebshtu u p\u00ebrgjigj ai kur u pyet lidhur me mund\u00ebsin\u00eb e njohjes s\u00eb Kosov\u00ebs nga ana e Greqis\u00eb.<\/p>\n<p>\u201cNuk do t\u00eb doja t\u00eb flisja para se t\u00eb dim\u00eb di\u00e7ka. Meqen\u00ebse ka pasur disa ndryshime n\u00eb marr\u00ebdh\u00ebnie, pres q\u00eb t\u00eb shoh n\u00ebse b\u00ebhet fjal\u00eb thjesht p\u00ebr nj\u00eb zyr\u00eb tregtare apo di\u00e7ka m\u00eb shum\u00eb midis Greqis\u00eb dhe Kosov\u00ebs, si\u00e7 thon\u00eb ata, dometh\u00ebn\u00eb mes Prishtin\u00ebs dhe Athin\u00eb. Do ta shohim\u201d, i tha presidenti Vu\u00e7i\u00e7 televizionit Pink.<\/p>\n<p>Greqia dhe Kosova s\u00eb fundmi kan\u00eb thelluar bashk\u00ebpunimin kryesisht n\u00eb sektorin e ekonomis\u00eb. M\u00eb fund t\u00eb muajit prill Ministria e Pun\u00ebve t\u00eb Jashtme e Kosov\u00ebs (MPJ) dhe ajo e Greqis\u00eb, kan\u00eb mbajtur forumin e tret\u00eb ekonomik Kosov\u00eb-Greqi, me fokus n\u00eb sektorin e energjis\u00eb.<\/p>\n<p>Sipas nj\u00eb komunikate t\u00eb MPJ-s\u00eb n\u00eb Kosov\u00eb forumi \u00ebsht\u00eb organizuar nga dy ministrit\u00eb n\u00eb koordinim me Zyr\u00ebn Ekonomike dhe Tregtare t\u00eb Kosov\u00ebs n\u00eb Athin\u00eb dhe n\u00eb bashk\u00ebpunimin me Od\u00ebn Ekonomike t\u00eb Kosov\u00ebs (OEK) dhe Od\u00ebn Ekonomike dhe Industriale t\u00eb Pireut n\u00eb Athin\u00eb.<\/p>\n<p>Greqia \u00ebsht\u00eb nj\u00eb prej pes\u00eb shteteve t\u00eb Bashkimit Evropian q\u00eb ende nuk e ka njohur Kosov\u00ebn, por ky shtet ka Zyr\u00ebn e saj nd\u00ebrlidh\u00ebse n\u00eb Prishtin\u00eb. P\u00ebrve\u00e7 Greqis\u00eb, pavar\u00ebsin\u00eb e Kosov\u00ebs nuk e kan\u00eb njohur as an\u00ebtaret e BE-s\u00eb: Sllovakia, Qipro, Rumania dhe Spanja.<\/p>\n<p>M\u00eb 19 prill ambasadorja Chryssoula Aliferi, udh\u00ebheq\u00ebse e Zyr\u00ebs nd\u00ebrlidh\u00ebse t\u00eb Athin\u00ebs n\u00eb Prishtin\u00eb, i tha Radios Evropa e Lir\u00eb (REL) se pozicioni i Greqis\u00eb karshi pavar\u00ebsis\u00eb s\u00eb Kosov\u00ebs, \u201cmbetet i pandryshuar\u201d, por Greqia e mb\u00ebshtet Kosov\u00ebn n\u00eb rrug\u00ebn e saj evropiane dhe n\u00eb k\u00ebt\u00eb kontekst, e mb\u00ebshtet edhe procesin e liberalizimit t\u00eb vizave.<\/p>\n<p>\u201cN\u00eb k\u00ebt\u00eb sfond, Greqia ka qen\u00eb nj\u00eb mb\u00ebshtet\u00ebse e fuqishme e perspektiv\u00ebs evropiane p\u00ebr t\u00eb gjith\u00eb partner\u00ebt e Ballkanit Per\u00ebndimor, p\u00ebrfshir\u00eb Prishtin\u00ebn, si dhe dialogun nd\u00ebrmjet Prishtin\u00eb dhe Beogradit n\u00ebn nd\u00ebrmjet\u00ebsimin e BE-s\u00eb\u201d, tha Aliferi.<\/p>\n<p>Aliferi po ashtu p\u00ebrs\u00ebriti se Athina zyrtare e ka ftuar ministren e Pun\u00ebve t\u00eb Jashtme dhe Diaspor\u00ebs s\u00eb Kosov\u00ebs, Donika G\u00ebrvall\u00ebn p\u00ebr vizit\u00eb zyrtare n\u00eb Greqi dhe se \u201cdata p\u00ebr k\u00ebt\u00eb do t\u00eb caktohet me koh\u00eb\u201d.<\/p>\n<p>Edhe Ministria e Pun\u00ebve t\u00eb Jashtme dhe Diaspor\u00ebs e Kosov\u00ebs, n\u00eb nj\u00eb p\u00ebrgjigje p\u00ebr REL ka konfirmuar se G\u00ebrvalla do ta vizitoj\u00eb Athin\u00ebn.<\/p>\n<p>M\u00eb 15 prill, gjat\u00eb nj\u00eb takimi me Aliferin, kryeministri i Kosov\u00ebs, Albin Kurti ka k\u00ebrkuar q\u00eb Greqia t\u2019i bashkohet shteteve q\u00eb e kan\u00eb njohur pavar\u00ebsin\u00eb e Kosov\u00ebs.<\/p>\n<p>Profesori i marr\u00ebdh\u00ebnieve nd\u00ebrkomb\u00ebtare, Afrim Hoti beson se ekziston nj\u00eb mund\u00ebsi e madhe q\u00eb Greqia s\u00eb shpejti ta njoh\u00eb Kosov\u00ebn dhe ai vler\u00ebson se ky shtet nuk e ka b\u00ebr\u00eb deri m\u00eb tani nj\u00eb gj\u00eb t\u00eb till\u00eb, p\u00ebr shkak t\u00eb problemeve q\u00eb ka me Qipron.<\/p>\n<p>Hoti thekson se \u00ebsht\u00eb shum\u00eb me r\u00ebnd\u00ebsi p\u00ebr Kosov\u00ebn q\u00eb n\u00eb k\u00ebt\u00eb koh\u00eb t\u00eb siguroj\u00eb njohje nga nj\u00ebra prej pes\u00eb shteteve t\u00eb BE-s\u00eb, q\u00eb ende nuk e njohin pavar\u00ebsin\u00eb e Kosov\u00ebs.<\/p>\n<p>\u201cNga k\u00ebto pes\u00eb shtete, un\u00eb mendoj se Greqia do t\u00eb jet\u00eb e para q\u00eb do ta njoh\u00eb Kosov\u00ebn\u201d, tha Hoti.<\/p>\n<p>N\u00eb an\u00ebn tjet\u00ebr, Lulzim Peci, ish-diplomat dhe nj\u00ebher\u00ebsh drejtor i Institutit Kosovar p\u00ebr K\u00ebrkime dhe Zhvillim t\u00eb Politikave \u2013 KIPRED, thot\u00eb se Kosova nuk mund t\u00eb b\u00ebj\u00eb asgj\u00eb q\u00eb t\u00eb ndikoj\u00eb n\u00eb vendimin e Greqis\u00eb, Rumanis\u00eb, Sllovakis\u00eb, Qipros dhe Spanj\u00ebs p\u00ebr ta njohur Kosov\u00ebn.<\/p>\n","protected":false},"excerpt":{"rendered":"<p>Presidenti i Serbis\u00eb, Aleksandar Vu\u00e7i\u00e7, tha t\u00eb m\u00ebrkur\u00ebn se Greqia e siguron Beogradin se nuk do ta njoh\u00eb Kosov\u00ebn, por sipas tij, zhvillimi i raporteve mes Prishtin\u00ebs dhe Athin\u00ebs \u201cnuk \u00ebsht\u00eb lajm i mir\u00eb\u201d p\u00ebr Serbin\u00eb. K\u00ebshtu u p\u00ebrgjigj ai kur u pyet lidhur me mund\u00ebsin\u00eb e njohjes s\u00eb Kosov\u00ebs nga ana e Greqis\u00eb. \u201cNuk [&hellip;]<\/p>\n","protected":false},"author":2031,"featured_media":184889,"comment_status":"closed","ping_status":"closed","sticky":false,"template":"","format":"standard","meta":{"footnotes":""},"categories":[231],"tags":[312,2730,458],"class_list":{"0":"post-184888","1":"post","2":"type-post","3":"status-publish","4":"format-standard","5":"has-post-thumbnail","7":"category-lajme","8":"tag-lajme","9":"tag-vucic","10":"tag-zjarrtv"},"_links":{"self":[{"href":"https:\/\/zjarr.tv\/sq\/wp-json\/wp\/v2\/posts\/184888","targetHints":{"allow":["GET"]}}],"collection":[{"href":"https:\/\/zjarr.tv\/sq\/wp-json\/wp\/v2\/posts"}],"about":[{"href":"https:\/\/zjarr.tv\/sq\/wp-json\/wp\/v2\/types\/post"}],"author":[{"embeddable":true,"href":"https:\/\/zjarr.tv\/sq\/wp-json\/wp\/v2\/users\/2031"}],"replies":[{"embeddable":true,"href":"https:\/\/zjarr.tv\/sq\/wp-json\/wp\/v2\/comments?post=184888"}],"version-history":[{"count":0,"href":"https:\/\/zjarr.tv\/sq\/wp-json\/wp\/v2\/posts\/184888\/revisions"}],"wp:featuredmedia":[{"embeddable":true,"href":"https:\/\/zjarr.tv\/sq\/wp-json\/wp\/v2\/media\/184889"}],"wp:attachment":[{"href":"https:\/\/zjarr.tv\/sq\/wp-json\/wp\/v2\/media?parent=184888"}],"wp:term":[{"taxonomy":"category","embeddable":true,"href":"https:\/\/zjarr.tv\/sq\/wp-json\/wp\/v2\/categories?post=184888"},{"taxonomy":"post_tag","embeddable":true,"href":"https:\/\/zjarr.tv\/sq\/wp-json\/wp\/v2\/tags?post=184888"}],"curies":[{"name":"wp","href":"https:\/\/api.w.org\/{rel}","templated":true}]}}