{"id":185015,"date":"2021-05-27T13:34:24","date_gmt":"2021-05-27T11:34:24","guid":{"rendered":"https:\/\/zjarr.tv\/?p=185015"},"modified":"2021-05-27T13:34:24","modified_gmt":"2021-05-27T11:34:24","slug":"ne-vendimin-per-berishen-eshte-dicka-politike-evi-kokalari-ben-deklaraten-e-forte-dhe-zbulon-biznesmenin-e-fuqishem-qe-fundosi","status":"publish","type":"post","link":"https:\/\/zjarr.tv\/sq\/ne-vendimin-per-berishen-eshte-dicka-politike-evi-kokalari-ben-deklaraten-e-forte-dhe-zbulon-biznesmenin-e-fuqishem-qe-fundosi\/","title":{"rendered":"N\u00eb vendimin p\u00ebr Berish\u00ebn \u00ebsht\u00eb di\u00e7ka politike\/ Evi Kokalari b\u00ebn deklarat\u00ebn e fort\u00eb dhe zbulon biznesmenin e fuqish\u00ebm q\u00eb fundosi\u2026"},"content":{"rendered":"<p>Aktivistja Evi Kokalari, ka ngritur dyshime t\u00eb forta ndaj kryetarit t\u00eb Partis\u00eb Demokratike, Lulzim Basha, p\u00ebr t\u00eb cilin ngre dyshime se \u00ebsht\u00eb takuar me Alex Soros, djalin e biznesmenit George Soros.<\/p>\n<p>Sipas saj, Soros q\u00ebndron pas vendimit t\u00eb Sali Berish\u00ebs.<\/p>\n<p><em>\u201cBlinken \u00ebsht\u00eb shum\u00eb af\u00ebr me Soros, i ati i Blinken m\u00eb sakt\u00eb \u00ebsht\u00eb shum\u00eb af\u00ebr me t\u00eb. Pra nuk \u00ebsht\u00eb nj\u00eb gj\u00eb q\u00eb nuk b\u00ebhet. M\u00ebnyr\u00ebn se si ato i dhan\u00eb kolpo Sali Berish\u00ebs, se ne kemi njer\u00ebz t\u00eb tjer\u00eb q\u00eb kemi n\u00eb Shqip\u00ebri p\u00ebr t\u2019u shpallur \u201cnon grata\u201d. N\u00eb vendimin e Berish\u00ebs ka di\u00e7ka politike. Lulzim Basha duhet t\u00eb jap\u00eb sqarim n\u00ebse \u00ebsht\u00eb takuar me Alex Soros t\u00eb premten e kaluar\u201d,<\/em>\u00a0\u2013 tha Kokalari n\u00eb Vizion Plus.<\/p>\n","protected":false},"excerpt":{"rendered":"<p>Aktivistja Evi Kokalari, ka ngritur dyshime t\u00eb forta ndaj kryetarit t\u00eb Partis\u00eb Demokratike, Lulzim Basha, p\u00ebr t\u00eb cilin ngre dyshime se \u00ebsht\u00eb takuar me Alex Soros, djalin e biznesmenit George Soros. Sipas saj, Soros q\u00ebndron pas vendimit t\u00eb Sali Berish\u00ebs. \u201cBlinken \u00ebsht\u00eb shum\u00eb af\u00ebr me Soros, i ati i Blinken m\u00eb sakt\u00eb \u00ebsht\u00eb shum\u00eb af\u00ebr [&hellip;]<\/p>\n","protected":false},"author":2016,"featured_media":185017,"comment_status":"closed","ping_status":"closed","sticky":false,"template":"","format":"standard","meta":{"footnotes":""},"categories":[241],"tags":[3347],"class_list":{"0":"post-185015","1":"post","2":"type-post","3":"status-publish","4":"format-standard","5":"has-post-thumbnail","7":"category-aktualitet","8":"tag-lajme-zjarr-kokalari-ben-deklaraten-e-forte-zjarr-tv"},"_links":{"self":[{"href":"https:\/\/zjarr.tv\/sq\/wp-json\/wp\/v2\/posts\/185015","targetHints":{"allow":["GET"]}}],"collection":[{"href":"https:\/\/zjarr.tv\/sq\/wp-json\/wp\/v2\/posts"}],"about":[{"href":"https:\/\/zjarr.tv\/sq\/wp-json\/wp\/v2\/types\/post"}],"author":[{"embeddable":true,"href":"https:\/\/zjarr.tv\/sq\/wp-json\/wp\/v2\/users\/2016"}],"replies":[{"embeddable":true,"href":"https:\/\/zjarr.tv\/sq\/wp-json\/wp\/v2\/comments?post=185015"}],"version-history":[{"count":0,"href":"https:\/\/zjarr.tv\/sq\/wp-json\/wp\/v2\/posts\/185015\/revisions"}],"wp:featuredmedia":[{"embeddable":true,"href":"https:\/\/zjarr.tv\/sq\/wp-json\/wp\/v2\/media\/185017"}],"wp:attachment":[{"href":"https:\/\/zjarr.tv\/sq\/wp-json\/wp\/v2\/media?parent=185015"}],"wp:term":[{"taxonomy":"category","embeddable":true,"href":"https:\/\/zjarr.tv\/sq\/wp-json\/wp\/v2\/categories?post=185015"},{"taxonomy":"post_tag","embeddable":true,"href":"https:\/\/zjarr.tv\/sq\/wp-json\/wp\/v2\/tags?post=185015"}],"curies":[{"name":"wp","href":"https:\/\/api.w.org\/{rel}","templated":true}]}}