{"id":185035,"date":"2021-05-27T17:23:48","date_gmt":"2021-05-27T15:23:48","guid":{"rendered":"https:\/\/zjarr.tv\/?p=185035"},"modified":"2021-05-27T17:23:48","modified_gmt":"2021-05-27T15:23:48","slug":"aleksander-vucic-teper-i-shqetesuar-per-mrredheniet-athine-prishtine-do-ti-lutem-greqise-te-mos-e-njohe-kosoven","status":"publish","type":"post","link":"https:\/\/zjarr.tv\/sq\/aleksander-vucic-teper-i-shqetesuar-per-mrredheniet-athine-prishtine-do-ti-lutem-greqise-te-mos-e-njohe-kosoven\/","title":{"rendered":"Aleksand\u00ebr Vu\u00e7i\u00e7 tep\u00ebr i shqet\u00ebsuar p\u00ebr mrr\u00ebdh\u00ebniet Athin\u00eb-Prishtin\u00eb: Do t\u2019i lutem Greqis\u00eb t\u00eb mos e njoh\u00eb Kosov\u00ebn"},"content":{"rendered":"<p>Presidenti i Serbis\u00eb, Aleksandar Vu\u00e7i\u00e7 tha sot se ai ka marr\u00eb nj\u00eb njoftim zyrtar se Greqia synon t\u00eb p\u00ebrmir\u00ebsoj\u00eb marr\u00ebdh\u00ebniet e saj me Kosov\u00ebn. Ai tha se beson n\u00eb miq\u00ebsin\u00eb e Beogradit me Athin\u00ebn dhe se Greqia nuk do t\u00eb shkoj\u00eb nj\u00eb hap m\u00eb tej p\u00ebr ta njohur pavar\u00ebsin\u00eb e Kosov\u00ebs.<\/p>\n<p>N\u00eb nj\u00eb deklarat\u00eb p\u00ebr shtyp pas takimit me patriarkun dhe peshkop\u00ebt e Kish\u00ebs Ortodokse Serbe, an\u00ebtar\u00ebt e K\u00ebshillit t\u00eb Ipeshkvijve, Vu\u00e7iq tha se kur Kosova vendosi taks\u00eb p\u00ebr mallrat serbe, Greqia i dha mund\u00ebsin\u00eb p\u00ebr t\u00eb hapur zyra tregtare, dhe tani ky raport ka shkuar n\u00eb nj\u00eb nivel m\u00eb t\u00eb lart\u00eb.<\/p>\n<p>\u201cT\u00eb premten, ne u informuam zyrtarisht se Greqia do t\u00eb p\u00ebrmir\u00ebsonte marr\u00ebdh\u00ebniet e saj me Prishtin\u00ebn n\u00eb nj\u00eb nivel m\u00eb t\u00eb lart\u00eb, drejtor\u00eb politik\u00eb, i cili \u00ebsht\u00eb personi m\u00eb i lart\u00eb i mundsh\u00ebm n\u00eb nivelin e nj\u00eb ministri\u201d, shpjegoi ai.<\/p>\n<p>Vu\u00e7ic tha se do t\u2019i lutet Greqis\u00eb t\u00eb mos e lejoj\u00eb at\u00eb t\u00eb ndodh\u00eb, sepse hapi tjet\u00ebr do t\u00eb ishte njohja e pavar\u00ebsis\u00eb s\u00eb Kosov\u00ebs.<\/p>\n<p>Sipas tij, ky \u00ebsht\u00eb nj\u00eb problem sepse tregon se jo vet\u00ebm Evropa mund t\u00eb bashkohet kund\u00ebr Serbis\u00eb p\u00ebr \u00e7\u00ebshtjen e Kosov\u00ebs.<\/p>\n<p>Ai theksoi se ekziston nj\u00eb rrezik shtes\u00eb q\u00eb vendeve t\u00eb tjera t\u2019u b\u00ebhet presion p\u00ebr ta b\u00ebr\u00eb t\u00eb nj\u00ebjt\u00ebn gj\u00eb.<\/p>\n<p>Pastaj, thot\u00eb ai, do t\u00eb arriheshin marr\u00ebveshje bilaterale, ku nj\u00eb vend i tret\u00eb do ta p\u00ebrfaq\u00ebsonte Kosov\u00ebn n\u00eb organizatat nd\u00ebrkomb\u00ebtare, dhe k\u00ebshtu t\u00eb b\u00ebhej pjes\u00eb e NATO-s.<\/p>\n<p>\u201cSituata \u00ebsht\u00eb shum\u00eb e v\u00ebshtir\u00eb p\u00ebr ne. Ne e ftuam ambasadorin grek p\u00ebr nj\u00eb bised\u00eb, por nuk mor\u00ebm asgj\u00eb, sepse kemi besim n\u00eb miq\u00ebsi dhe shpresojm\u00eb q\u00eb ajo t\u00eb mos shkoj\u00eb n\u00eb masa dhe afrime t\u00eb m\u00ebtejshme\u201d, theksoi Vu\u00e7iq.<\/p>\n<p>I pyetur n\u00ebse ka marr\u00eb garanci se Greqia nuk do ta njoh\u00eb Kosov\u00ebn, ai ka th\u00ebn\u00eb se ka marr\u00eb garanci t\u00eb tilla \u00e7do dit\u00eb, por q\u00eb faktet tregojn\u00eb se ata po e rrisin nivelin e marr\u00ebdh\u00ebnieve t\u00eb tyre me Kosov\u00ebn.<\/p>\n<p>\u201cN\u00eb periudh\u00ebn e ardhshme, un\u00eb pres m\u00eb shum\u00eb vizita n\u00eb Beograd dhe gjith\u00e7ka q\u00eb do t\u00eb funksionoj\u00eb do t\u00eb jet\u00eb presion. Do t\u00eb ket\u00eb gjithashtu p\u00ebrpjekje p\u00ebr ta siguruar pavar\u00ebsin\u00eb e Kosov\u00ebs p\u00ebrmes iniciativave rajonale. Ajo do t\u00eb ofroj\u00eb disa zgjidhje q\u00eb duken t\u00eb mira n\u00eb shikim t\u00eb par\u00eb, por prapa k\u00ebsaj \u00ebsht\u00eb njohja de facto\u201d, theksoi presidenti serb.<\/p>\n<p>Vu\u00e7iq arriti n\u00eb p\u00ebrfundimin se Serbia po p\u00ebrballet me nj\u00eb periudh\u00eb shum\u00eb t\u00eb v\u00ebshtir\u00eb politike.<\/p>\n<p>Edhe dje Vu\u00e7iq foli p\u00ebr marr\u00ebdh\u00ebniet e Kosov\u00ebs me Greqin\u00eb, duke shprehur shqet\u00ebsimin e tij se ato po ndryshojn\u00eb duksh\u00ebm n\u00eb rrafshin diplomatik.<\/p>\n","protected":false},"excerpt":{"rendered":"<p>Presidenti i Serbis\u00eb, Aleksandar Vu\u00e7i\u00e7 tha sot se ai ka marr\u00eb nj\u00eb njoftim zyrtar se Greqia synon t\u00eb p\u00ebrmir\u00ebsoj\u00eb marr\u00ebdh\u00ebniet e saj me Kosov\u00ebn. Ai tha se beson n\u00eb miq\u00ebsin\u00eb e Beogradit me Athin\u00ebn dhe se Greqia nuk do t\u00eb shkoj\u00eb nj\u00eb hap m\u00eb tej p\u00ebr ta njohur pavar\u00ebsin\u00eb e Kosov\u00ebs. N\u00eb nj\u00eb deklarat\u00eb p\u00ebr [&hellip;]<\/p>\n","protected":false},"author":2031,"featured_media":128163,"comment_status":"closed","ping_status":"closed","sticky":false,"template":"","format":"standard","meta":{"footnotes":""},"categories":[231],"tags":[312,2730,458],"class_list":{"0":"post-185035","1":"post","2":"type-post","3":"status-publish","4":"format-standard","5":"has-post-thumbnail","7":"category-lajme","8":"tag-lajme","9":"tag-vucic","10":"tag-zjarrtv"},"_links":{"self":[{"href":"https:\/\/zjarr.tv\/sq\/wp-json\/wp\/v2\/posts\/185035","targetHints":{"allow":["GET"]}}],"collection":[{"href":"https:\/\/zjarr.tv\/sq\/wp-json\/wp\/v2\/posts"}],"about":[{"href":"https:\/\/zjarr.tv\/sq\/wp-json\/wp\/v2\/types\/post"}],"author":[{"embeddable":true,"href":"https:\/\/zjarr.tv\/sq\/wp-json\/wp\/v2\/users\/2031"}],"replies":[{"embeddable":true,"href":"https:\/\/zjarr.tv\/sq\/wp-json\/wp\/v2\/comments?post=185035"}],"version-history":[{"count":0,"href":"https:\/\/zjarr.tv\/sq\/wp-json\/wp\/v2\/posts\/185035\/revisions"}],"wp:featuredmedia":[{"embeddable":true,"href":"https:\/\/zjarr.tv\/sq\/wp-json\/wp\/v2\/media\/128163"}],"wp:attachment":[{"href":"https:\/\/zjarr.tv\/sq\/wp-json\/wp\/v2\/media?parent=185035"}],"wp:term":[{"taxonomy":"category","embeddable":true,"href":"https:\/\/zjarr.tv\/sq\/wp-json\/wp\/v2\/categories?post=185035"},{"taxonomy":"post_tag","embeddable":true,"href":"https:\/\/zjarr.tv\/sq\/wp-json\/wp\/v2\/tags?post=185035"}],"curies":[{"name":"wp","href":"https:\/\/api.w.org\/{rel}","templated":true}]}}