{"id":185038,"date":"2021-05-27T17:38:28","date_gmt":"2021-05-27T15:38:28","guid":{"rendered":"https:\/\/zjarr.tv\/?p=185038"},"modified":"2021-05-27T17:38:28","modified_gmt":"2021-05-27T15:38:28","slug":"zbulohen-muret-e-nje-keshtjelle-te-shekullit-te-18-ne-gjirokaster","status":"publish","type":"post","link":"https:\/\/zjarr.tv\/sq\/zbulohen-muret-e-nje-keshtjelle-te-shekullit-te-18-ne-gjirokaster\/","title":{"rendered":"Zbulohen muret e nj\u00eb k\u00ebshtjelle t\u00eb shekullit t\u00eb 18 n\u00eb Gjirokast\u00ebr"},"content":{"rendered":"<p>Punimet n\u00eb sheshin \u201c\u00c7er\u00e7iz Topulli\u201d, n\u00eb Gjirokast\u00ebr jan\u00eb pezulluar pasi mendohet se kan\u00eb dal\u00eb rr\u00ebnojat e nj\u00eb k\u00ebshtjelle t\u00eb shekullit t\u00eb 18.<\/p>\n<p>Gjat\u00eb g\u00ebrmimeve jan\u00eb gjetur materiale t\u00eb shumta t\u00eb qeramik\u00ebs, si edhe materiale skeletore.<\/p>\n<p>Specialist\u00ebt thon\u00eb se ky zbulim tregon p\u00ebr nj\u00eb pjes\u00eb tep\u00ebr t\u00eb r\u00ebnd\u00ebsishme t\u00eb historis\u00eb s\u00eb dikurshme t\u00eb Gjirokastr\u00ebs.<\/p>\n<p>\u201cDiskutohet se jan\u00eb muret fortifikuese t\u00eb nj\u00eb nd\u00ebrtese, t\u00eb nj\u00eb r\u00ebnd\u00ebsie t\u00eb ve\u00e7ant\u00eb n\u00eb fund t\u00eb shekullit t\u00eb 17 ose t\u00eb fillim shekullit t\u00eb 18, duke u bazuar gjithmon\u00eb n\u00eb nj\u00eb aspekt vizual t\u00eb element\u00ebve q\u00eb ata mbajn\u00eb n\u00eb aspektin arkitekturor t\u00eb nd\u00ebrtimit\u201d, u shpreh drejtoresha e monumenteve n\u00eb Gjirokast\u00ebr, Pezana Rexha.<\/p>\n<p>\u201cK\u00ebto gjetje p\u00ebr historin\u00eb e Gjirokastr\u00ebs kan\u00eb vler\u00eb t\u00eb madhe p\u00ebr t\u00eb treguar nj\u00eb histori t\u00eb lasht\u00eb t\u00eb k\u00ebtij qyteti. Mund t\u00eb jet\u00ebn t\u00eb k\u00ebshtjellave t\u00eb vogla t\u00eb asaj koh\u00eb. Jan\u00eb fremgjit, t\u00eb cilat i ndeshim n\u00eb k\u00ebto k\u00ebshtjella gjirokastrite si objekt i v\u00ebzhgimit dhe ruajtjes s\u00eb objektit\u201d, thot\u00eb nj\u00eb tjet\u00ebr specialist.<\/p>\n<p>Gjithashtu drejtoresha e monumenteve n\u00eb Gjirokast\u00ebr, Pezana Rexha thot\u00eb se k\u00ebrkimet p\u00ebr gjurm\u00eb t\u00eb tjera t\u00eb r\u00ebnd\u00ebsishme historike vijojn\u00eb.<\/p>\n<p>\u201cAskush nga ne nuk mund t\u00eb thot\u00eb n\u00ebse do ket\u00eb zbulim t\u00eb reja, por t\u00eb gjith\u00eb unanimisht po tregohemi t\u00eb kujdessh\u00ebm, q\u00eb edhe n\u00ebse dalin zbulime t\u00eb tjera arkeologjike, t\u00eb tregohet kujdes maksimal\u201d, tha Rexha.<\/p>\n<p>T\u00eb  dh\u00ebnat e gjetura po shqyrtohen n\u00eb K\u00ebshillin Komb\u00ebtar t\u00eb Arkeologjis\u00eb. Ky institucion do t\u00eb p\u00ebrcaktoj\u00eb r\u00ebnd\u00ebsin\u00eb e zbulimit dhe masat q\u00eb  duhet t\u00eb merren.<\/p>\n","protected":false},"excerpt":{"rendered":"<p>Punimet n\u00eb sheshin \u201c\u00c7er\u00e7iz Topulli\u201d, n\u00eb Gjirokast\u00ebr jan\u00eb pezulluar pasi mendohet se kan\u00eb dal\u00eb rr\u00ebnojat e nj\u00eb k\u00ebshtjelle t\u00eb shekullit t\u00eb 18. Gjat\u00eb g\u00ebrmimeve jan\u00eb gjetur materiale t\u00eb shumta t\u00eb qeramik\u00ebs, si edhe materiale skeletore. Specialist\u00ebt thon\u00eb se ky zbulim tregon p\u00ebr nj\u00eb pjes\u00eb tep\u00ebr t\u00eb r\u00ebnd\u00ebsishme t\u00eb historis\u00eb s\u00eb dikurshme t\u00eb Gjirokastr\u00ebs. \u201cDiskutohet se [&hellip;]<\/p>\n","protected":false},"author":2031,"featured_media":185039,"comment_status":"closed","ping_status":"closed","sticky":false,"template":"","format":"standard","meta":{"footnotes":""},"categories":[231],"tags":[2379,312,458],"class_list":{"0":"post-185038","1":"post","2":"type-post","3":"status-publish","4":"format-standard","5":"has-post-thumbnail","7":"category-lajme","8":"tag-gjirokaster","9":"tag-lajme","10":"tag-zjarrtv"},"_links":{"self":[{"href":"https:\/\/zjarr.tv\/sq\/wp-json\/wp\/v2\/posts\/185038","targetHints":{"allow":["GET"]}}],"collection":[{"href":"https:\/\/zjarr.tv\/sq\/wp-json\/wp\/v2\/posts"}],"about":[{"href":"https:\/\/zjarr.tv\/sq\/wp-json\/wp\/v2\/types\/post"}],"author":[{"embeddable":true,"href":"https:\/\/zjarr.tv\/sq\/wp-json\/wp\/v2\/users\/2031"}],"replies":[{"embeddable":true,"href":"https:\/\/zjarr.tv\/sq\/wp-json\/wp\/v2\/comments?post=185038"}],"version-history":[{"count":0,"href":"https:\/\/zjarr.tv\/sq\/wp-json\/wp\/v2\/posts\/185038\/revisions"}],"wp:featuredmedia":[{"embeddable":true,"href":"https:\/\/zjarr.tv\/sq\/wp-json\/wp\/v2\/media\/185039"}],"wp:attachment":[{"href":"https:\/\/zjarr.tv\/sq\/wp-json\/wp\/v2\/media?parent=185038"}],"wp:term":[{"taxonomy":"category","embeddable":true,"href":"https:\/\/zjarr.tv\/sq\/wp-json\/wp\/v2\/categories?post=185038"},{"taxonomy":"post_tag","embeddable":true,"href":"https:\/\/zjarr.tv\/sq\/wp-json\/wp\/v2\/tags?post=185038"}],"curies":[{"name":"wp","href":"https:\/\/api.w.org\/{rel}","templated":true}]}}