{"id":185044,"date":"2021-05-27T17:51:34","date_gmt":"2021-05-27T15:51:34","guid":{"rendered":"https:\/\/zjarr.tv\/?p=185044"},"modified":"2021-05-27T17:51:34","modified_gmt":"2021-05-27T15:51:34","slug":"emri-foto-me-shkrime-fetare-ne-instagram-ky-eshte-i-riu-qe-qelloi-me-arme-19-vjecarin-te-kompleksi-olimpik-ka-plagosur-4-persona-te-komuna-e-parisit-detaje","status":"publish","type":"post","link":"https:\/\/zjarr.tv\/sq\/emri-foto-me-shkrime-fetare-ne-instagram-ky-eshte-i-riu-qe-qelloi-me-arme-19-vjecarin-te-kompleksi-olimpik-ka-plagosur-4-persona-te-komuna-e-parisit-detaje\/","title":{"rendered":"EMRI-FOTO\/ Me shkrime fetare n\u00eb Instagram, ky \u00ebsht\u00eb i riu q\u00eb q\u00eblloi me arm\u00eb 19-vje\u00e7arin te Kompleksi Olimpik, ka plagosur 4 persona te Komuna e Parisit (DETAJE)"},"content":{"rendered":"<p>\u00cbsht\u00eb identifikuar i riu q\u00eb q\u00eblloi me arm\u00eb zjarri duke plagosur n\u00eb bark 19-vje\u00e7arin Reginaldo Ka\u00e7orrin sot pasdite te Kompleksi Olimpik n\u00eb Tiran\u00eb. Ai \u00ebsht\u00eb Klajdi Kodra 31 vje\u00e7 nga La\u00e7i. Djali i Lindita Kodr\u00ebs, n\u00ebnkampione e qitjes.<\/p>\n<p>Kodra \u00ebsht\u00eb nj\u00eb em\u00ebr i njohur p\u00ebr policin\u00eb e Shtetit pasi ka qen\u00eb nj\u00eb nga organizator\u00ebt e atentatit te Komuna e Parisit  ku mbeti i plagosur Mariglen (Lorenc) Hoxha.<\/p>\n<p>Klajdi Kodra ka qen\u00eb i d\u00ebnuar m\u00eb par\u00eb me burg p\u00ebr nj\u00eb ngjarje n\u00eb 2016 pasi plagosi dy v\u00ebllez\u00ebr po te \u201cKomuna e Parisit\u201d p\u00ebr nj\u00eb borxh. N\u00eb vitin 2010, n\u00eb rrug\u00ebn \u201cVasil Shanto\u201d mbet\u00ebn t\u00eb plagosur v\u00ebllez\u00ebrit Klajdi dhe Roland \u00c7e\u00e7o, 25 dhe 27 vje\u00e7.<\/p>\n<p>Policia asokohe shpalli n\u00eb k\u00ebrkim 20-vje\u00e7arin Klajdi Kodra, si autor i dyshuar p\u00ebr plagosjet. N\u00eb shtator t\u00eb 2016 pasi ka dal\u00eb nga burgu ai \u00ebsht\u00eb konfliktuar me nj\u00eb polic dhe i ka grisur edhe uniform\u00ebn.<\/p>\n<p>Policia kishte ndaluar at\u00eb dhe shokun e tij Bledar Matoshi, 27 vje\u00e7 pasi l\u00ebviznin me arm\u00eb n\u00ebp\u00ebr qyte. M\u00eb pas, Kodra i ka kund\u00ebrshtuar forcat e rendit dhe i ka grisur uniform\u00ebn policit.<\/p>\n<p>Po n\u00eb 2016 ai ka plagosur me mjete te forta Flamur Cullhajn te \u201cKomuna e Parisit\u201d pas nje sherri banal. Ai eshte djali i nenkampiones se qitjes, Lindita Kodra. Nd\u00ebrkaq, n\u00eb vitin 2011, 21-vje\u00e7ari Kodra ka q\u00eblluar me arm\u00eb p\u00ebr t\u00eb vrar\u00eb nj\u00eb 26-vje\u00e7ar, i cili fatmir\u00ebsisht shp\u00ebtoi.<\/p>\n<p>Nd\u00ebrkaq, n\u00eb vitin 2013, ndodhi nj\u00eb plagosje me arm\u00eb zjarri pran\u00eb Liqenit Artificial. Personi i plagosur, Klajdi Kodra u q\u00ebllua me plumb n\u00eb k\u00ebmb\u00eb. Plagosja ka ndodhur pas nj\u00eb konflikti t\u00eb \u00e7astit, ku shkas dyshohet t\u00eb ket\u00eb qen\u00eb nj\u00eb \u00e7\u00ebshtje e l\u00ebnd\u00ebve narkotike.<\/p>\n","protected":false},"excerpt":{"rendered":"<p>\u00cbsht\u00eb identifikuar i riu q\u00eb q\u00eblloi me arm\u00eb zjarri duke plagosur n\u00eb bark 19-vje\u00e7arin Reginaldo Ka\u00e7orrin sot pasdite te Kompleksi Olimpik n\u00eb Tiran\u00eb. Ai \u00ebsht\u00eb Klajdi Kodra 31 vje\u00e7 nga La\u00e7i. Djali i Lindita Kodr\u00ebs, n\u00ebnkampione e qitjes. Kodra \u00ebsht\u00eb nj\u00eb em\u00ebr i njohur p\u00ebr policin\u00eb e Shtetit pasi ka qen\u00eb nj\u00eb nga organizator\u00ebt e [&hellip;]<\/p>\n","protected":false},"author":2031,"featured_media":185045,"comment_status":"closed","ping_status":"closed","sticky":false,"template":"","format":"standard","meta":{"footnotes":""},"categories":[231],"tags":[312,655,458],"class_list":{"0":"post-185044","1":"post","2":"type-post","3":"status-publish","4":"format-standard","5":"has-post-thumbnail","7":"category-lajme","8":"tag-lajme","9":"tag-tirane","10":"tag-zjarrtv"},"_links":{"self":[{"href":"https:\/\/zjarr.tv\/sq\/wp-json\/wp\/v2\/posts\/185044","targetHints":{"allow":["GET"]}}],"collection":[{"href":"https:\/\/zjarr.tv\/sq\/wp-json\/wp\/v2\/posts"}],"about":[{"href":"https:\/\/zjarr.tv\/sq\/wp-json\/wp\/v2\/types\/post"}],"author":[{"embeddable":true,"href":"https:\/\/zjarr.tv\/sq\/wp-json\/wp\/v2\/users\/2031"}],"replies":[{"embeddable":true,"href":"https:\/\/zjarr.tv\/sq\/wp-json\/wp\/v2\/comments?post=185044"}],"version-history":[{"count":0,"href":"https:\/\/zjarr.tv\/sq\/wp-json\/wp\/v2\/posts\/185044\/revisions"}],"wp:featuredmedia":[{"embeddable":true,"href":"https:\/\/zjarr.tv\/sq\/wp-json\/wp\/v2\/media\/185045"}],"wp:attachment":[{"href":"https:\/\/zjarr.tv\/sq\/wp-json\/wp\/v2\/media?parent=185044"}],"wp:term":[{"taxonomy":"category","embeddable":true,"href":"https:\/\/zjarr.tv\/sq\/wp-json\/wp\/v2\/categories?post=185044"},{"taxonomy":"post_tag","embeddable":true,"href":"https:\/\/zjarr.tv\/sq\/wp-json\/wp\/v2\/tags?post=185044"}],"curies":[{"name":"wp","href":"https:\/\/api.w.org\/{rel}","templated":true}]}}