{"id":185052,"date":"2021-05-27T18:03:04","date_gmt":"2021-05-27T16:03:04","guid":{"rendered":"https:\/\/zjarr.tv\/?p=185052"},"modified":"2021-05-27T18:17:46","modified_gmt":"2021-05-27T16:17:46","slug":"zevendesministrja-e-shendetesise-eugena-tomini-ka-folur-per-lehtesimin-e-masave-te-vendosura-nga-komiteti-teknik-duke-u-shprehur-se-do-te-vije-ne-menyre-graduale-ne-baze-te-monitorimit-te-situates","status":"publish","type":"post","link":"https:\/\/zjarr.tv\/sq\/zevendesministrja-e-shendetesise-eugena-tomini-ka-folur-per-lehtesimin-e-masave-te-vendosura-nga-komiteti-teknik-duke-u-shprehur-se-do-te-vije-ne-menyre-graduale-ne-baze-te-monitorimit-te-situates\/","title":{"rendered":"Eugena Tomini: \u201cPrezenca e Covid-19 ende nuk ka ikur. Leht\u00ebsimi i masave do t\u00eb vij\u00eb n\u00eb m\u00ebnyr\u00eb graduale&#8221;"},"content":{"rendered":"<p>Z\u00ebvend\u00ebsministrja e Sh\u00ebndet\u00ebsis\u00eb Eugena Tomini ka folur p\u00ebr leht\u00ebsimin e masave, t\u00eb vendosura nga Komiteti Teknik, duke u shprehur se do t\u00eb vij\u00eb n\u00eb m\u00ebnyr\u00eb graduale, n\u00eb baz\u00eb t\u00eb monitorimit t\u00eb situat\u00ebs.<\/p>\n<p>Tomini tha se leht\u00ebsimi i masave do t\u00eb vlej\u00eb edhe tifozerit\u00eb n\u00eb stadiume dhe pjes\u00ebmarrjen e qytetar\u00ebve n\u00eb teatro, aktiviteti i t\u00eb cilave do t\u00eb filloj\u00eb m\u00eb 1 korrik e n\u00eb vijim, deri n\u00eb 30% t\u00eb kapaciteteve.<\/p>\n<p>Ajo b\u00ebri apel q\u00eb s\u00ebrish t\u00eb tregohet kujdes nga qytetar\u00ebt, pasi mund t\u00eb ket\u00eb kthim mbrapa.<\/p>\n<p>\u201cPrezenca e Covid-19 ende nuk ka ikur. Leht\u00ebsimi i masave do t\u00eb vij\u00eb n\u00eb m\u00ebnyr\u00eb graduale, duke vler\u00ebsuar indikator\u00ebt n\u00eb baz\u00eb t\u00eb monitorimit t\u00eb situat\u00ebs\u201d, u shpreh Tomini.<\/p>\n<p>Pyetje: Muzika n\u00eb lokale?<\/p>\n<p>Tomini: Lokalet me muzik\u00eb favorizojn\u00eb transmetimin e Covid, jan\u00eb grupmosha q\u00eb frekuenton k\u00ebto ambiente, q\u00eb i p\u00ebrkasin grupmosh\u00ebs q\u00eb nuk jan\u00eb vaksinuar. Ka dal\u00eb nj\u00eb kalendar i leht\u00ebsimit t\u00eb masave nga Komiteti Teknik. Leht\u00ebsimi i tyre duhet b\u00ebr\u00eb ngadal\u00eb duke monitoruar situat\u00ebn sepse mund t\u00eb ket\u00eb kthim mbrapa.<\/p>\n<p>Pyetje: Leht\u00ebsimi p\u00ebr teatrot dhe staduimet?<\/p>\n<p>Tomini: K\u00ebto grupe kan\u00eb qen\u00eb t\u00eb privuar nga pandemia, ashtu si edhe si shum\u00eb grupe t\u00eb tjera. Do t\u00eb vijojn\u00eb aktivitetin e tyre nga data 1 korrik e n\u00eb vijim. Kemi rekomanduar se grupimi prej 10 individ\u00ebsh t\u00eb jet\u00eb e rrethit familjar, por nuk \u00ebsht\u00eb zbatuar shum\u00eb. Grupimi prej 50 personash do t\u00eb zbatohet ne distanc\u00eb.<\/p>\n","protected":false},"excerpt":{"rendered":"<p>Z\u00ebvend\u00ebsministrja e Sh\u00ebndet\u00ebsis\u00eb Eugena Tomini ka folur p\u00ebr leht\u00ebsimin e masave, t\u00eb vendosura nga Komiteti Teknik, duke u shprehur se do t\u00eb vij\u00eb n\u00eb m\u00ebnyr\u00eb graduale, n\u00eb baz\u00eb t\u00eb monitorimit t\u00eb situat\u00ebs. Tomini tha se leht\u00ebsimi i masave do t\u00eb vlej\u00eb edhe tifozerit\u00eb n\u00eb stadiume dhe pjes\u00ebmarrjen e qytetar\u00ebve n\u00eb teatro, aktiviteti i t\u00eb cilave [&hellip;]<\/p>\n","protected":false},"author":2031,"featured_media":122697,"comment_status":"closed","ping_status":"closed","sticky":false,"template":"","format":"standard","meta":{"footnotes":""},"categories":[231],"tags":[2993,312,458],"class_list":{"0":"post-185052","1":"post","2":"type-post","3":"status-publish","4":"format-standard","5":"has-post-thumbnail","7":"category-lajme","8":"tag-eugena-tomini","9":"tag-lajme","10":"tag-zjarrtv"},"_links":{"self":[{"href":"https:\/\/zjarr.tv\/sq\/wp-json\/wp\/v2\/posts\/185052","targetHints":{"allow":["GET"]}}],"collection":[{"href":"https:\/\/zjarr.tv\/sq\/wp-json\/wp\/v2\/posts"}],"about":[{"href":"https:\/\/zjarr.tv\/sq\/wp-json\/wp\/v2\/types\/post"}],"author":[{"embeddable":true,"href":"https:\/\/zjarr.tv\/sq\/wp-json\/wp\/v2\/users\/2031"}],"replies":[{"embeddable":true,"href":"https:\/\/zjarr.tv\/sq\/wp-json\/wp\/v2\/comments?post=185052"}],"version-history":[{"count":0,"href":"https:\/\/zjarr.tv\/sq\/wp-json\/wp\/v2\/posts\/185052\/revisions"}],"wp:featuredmedia":[{"embeddable":true,"href":"https:\/\/zjarr.tv\/sq\/wp-json\/wp\/v2\/media\/122697"}],"wp:attachment":[{"href":"https:\/\/zjarr.tv\/sq\/wp-json\/wp\/v2\/media?parent=185052"}],"wp:term":[{"taxonomy":"category","embeddable":true,"href":"https:\/\/zjarr.tv\/sq\/wp-json\/wp\/v2\/categories?post=185052"},{"taxonomy":"post_tag","embeddable":true,"href":"https:\/\/zjarr.tv\/sq\/wp-json\/wp\/v2\/tags?post=185052"}],"curies":[{"name":"wp","href":"https:\/\/api.w.org\/{rel}","templated":true}]}}