{"id":185058,"date":"2021-05-27T18:15:58","date_gmt":"2021-05-27T16:15:58","guid":{"rendered":"https:\/\/zjarr.tv\/?p=185058"},"modified":"2021-05-27T18:15:58","modified_gmt":"2021-05-27T16:15:58","slug":"pse-dhe-kush-i-fshiu-pamjet-e-kryeministrise-artan-hoxha-reagon-pas-rihapjes-se-hetimeve-per-21-janarin-4-te-vraret-nga-armet-e-shtetit-kerkojne-drejtesi","status":"publish","type":"post","link":"https:\/\/zjarr.tv\/sq\/pse-dhe-kush-i-fshiu-pamjet-e-kryeministrise-artan-hoxha-reagon-pas-rihapjes-se-hetimeve-per-21-janarin-4-te-vraret-nga-armet-e-shtetit-kerkojne-drejtesi\/","title":{"rendered":"Pse dhe kush i fshiu pamjet e Kryeministris\u00eb? Artan Hoxha reagon pas rihapjes s\u00eb hetimeve p\u00ebr 21 Janarin: 4 t\u00eb vrar\u00ebt nga arm\u00ebt e shtetit k\u00ebrkojn\u00eb drejt\u00ebsi"},"content":{"rendered":"<p>Gazetari investigativ Artan Hoxha reagon pas lajmit se Prokuroria e Tiran\u00ebs ka rihapur dosjen e 21 Janarit, duke rinisur hetimet p\u00ebr vrasjen e Aleks Nik\u00ebs dhe Hekuran Ded\u00ebs, si dhe plagosjen e disa personave t\u00eb tjer\u00eb. Sipas organit t\u00eb akuz\u00ebs k\u00ebto dy vrasje jan\u00eb pa autor\u00eb, pasi p\u00ebr t\u00eb tjer\u00ebt vendimi \u00ebsht\u00eb dh\u00ebn\u00eb m\u00eb par\u00eb.<\/p>\n<p>Hoxha shkruan se ky \u00ebsht\u00eb shans i ri p\u00ebr t\u00eb dh\u00ebn\u00eb drejt\u00ebsi p\u00ebr at\u00eb q\u00eb ai e quan \u201cnj\u00eb nga ngjarjet me te renda te postkomunizmit.\u201d<\/p>\n<p>\u201cRihapja e dosjes i jep mundesine prokurorise te hetoje edhe personat pergjegjes qe penguan hetimet e 21 janarit?! Pse dhe kush i fshiu pamjet e serverave te kryeministrise?! Kush i mori ne mbrojtje ekzekutoret e protestuesve dhe pengoi ekzekutimin e 6 urdher-arresteve te prokurorise?!<\/p>\n<p>Kater te vraret dhe 13 te plagosurit e 21 janarit, nga armet e shtetit, kerkojne drejtesi. Kjo mundesi duhet shfrytezuar, qe te paprekshmit te mos mbeten perjetesisht te paprekshem\u2026.\u201d, shkruan nd\u00ebr t\u00eb tjera gazetari Artan Hoxha.<\/p>\n<p><strong>Sh\u00ebnimi i plot\u00eb i tij:<\/strong><strong><br \/>\n<\/strong><br \/>\nRihapja e hetimeve per dosjen e 21 janarit, eshte nje shans i ri per te dhene drejtesi, per nje nga ngjarjet me te renda te postkomunizmit\u2026<\/p>\n<p>Edhe pse kane kaluar me shume se 10-te vite nga kjo ngjarje, e ndodhur ne mes te bulevardit \u201cDeshmoret e Kombit\u201d, perpara qindra kamerave te televizioneve, ende nuk eshte zbardhur e verteta per vrasjen e Aleks Nikes dhe Hekuran Dedes.<\/p>\n<p>Ne gjykimin e pare, gjykata fajesoi me vendime qesharake ish-komandantin e Gardes se Republikes Ndre Prendi, per vrasjen e protestuesit Faik Murto, dhe ish-shefin e shtabit te njesise speciale te Gardes se Republikes Agom Llupo, per vrasjen e protestuesit Ziver Veizi\u2026<\/p>\n<p>Rihapja e dosjes i jep mundesine prokurorise te hetoje edhe personat pergjegjes qe penguan hetimet e 21 janarit?!Pse dhe kush i fshiu pamjet e serverave te kryeministrise?!<\/p>\n<p>Kush i mori ne mbrojtje ekzekutoret e protestuesve dhe pengoi ekzekutimin e 6 urdher-arresteve te prokurorise?! Kater te vraret dhe 13 te plagosurit e 21 janarit, nga armet e shtetit, kerkojne drejtesi. Kjo mundesi duhet shfrytezuar, qe te paprekshmit te mos mbeten perjetesisht te paprekshem\u2026.<\/p>\n<p>&nbsp;<\/p>\n","protected":false},"excerpt":{"rendered":"<p>Gazetari investigativ Artan Hoxha reagon pas lajmit se Prokuroria e Tiran\u00ebs ka rihapur dosjen e 21 Janarit, duke rinisur hetimet p\u00ebr vrasjen e Aleks Nik\u00ebs dhe Hekuran Ded\u00ebs, si dhe plagosjen e disa personave t\u00eb tjer\u00eb. Sipas organit t\u00eb akuz\u00ebs k\u00ebto dy vrasje jan\u00eb pa autor\u00eb, pasi p\u00ebr t\u00eb tjer\u00ebt vendimi \u00ebsht\u00eb dh\u00ebn\u00eb m\u00eb par\u00eb. [&hellip;]<\/p>\n","protected":false},"author":2030,"featured_media":185061,"comment_status":"closed","ping_status":"closed","sticky":false,"template":"","format":"standard","meta":{"footnotes":""},"categories":[241,364],"tags":[],"class_list":{"0":"post-185058","1":"post","2":"type-post","3":"status-publish","4":"format-standard","5":"has-post-thumbnail","7":"category-aktualitet","8":"category-koment-opinion"},"_links":{"self":[{"href":"https:\/\/zjarr.tv\/sq\/wp-json\/wp\/v2\/posts\/185058","targetHints":{"allow":["GET"]}}],"collection":[{"href":"https:\/\/zjarr.tv\/sq\/wp-json\/wp\/v2\/posts"}],"about":[{"href":"https:\/\/zjarr.tv\/sq\/wp-json\/wp\/v2\/types\/post"}],"author":[{"embeddable":true,"href":"https:\/\/zjarr.tv\/sq\/wp-json\/wp\/v2\/users\/2030"}],"replies":[{"embeddable":true,"href":"https:\/\/zjarr.tv\/sq\/wp-json\/wp\/v2\/comments?post=185058"}],"version-history":[{"count":0,"href":"https:\/\/zjarr.tv\/sq\/wp-json\/wp\/v2\/posts\/185058\/revisions"}],"wp:featuredmedia":[{"embeddable":true,"href":"https:\/\/zjarr.tv\/sq\/wp-json\/wp\/v2\/media\/185061"}],"wp:attachment":[{"href":"https:\/\/zjarr.tv\/sq\/wp-json\/wp\/v2\/media?parent=185058"}],"wp:term":[{"taxonomy":"category","embeddable":true,"href":"https:\/\/zjarr.tv\/sq\/wp-json\/wp\/v2\/categories?post=185058"},{"taxonomy":"post_tag","embeddable":true,"href":"https:\/\/zjarr.tv\/sq\/wp-json\/wp\/v2\/tags?post=185058"}],"curies":[{"name":"wp","href":"https:\/\/api.w.org\/{rel}","templated":true}]}}