{"id":185060,"date":"2021-05-27T18:16:00","date_gmt":"2021-05-27T16:16:00","guid":{"rendered":"https:\/\/zjarr.tv\/?p=185060"},"modified":"2021-05-27T18:16:00","modified_gmt":"2021-05-27T16:16:00","slug":"berati-cel-zyrtarisht-sezonin-turistik-klosi-qyteti-ka-nevoje-per-organizim","status":"publish","type":"post","link":"https:\/\/zjarr.tv\/sq\/berati-cel-zyrtarisht-sezonin-turistik-klosi-qyteti-ka-nevoje-per-organizim\/","title":{"rendered":"Berati \u00e7el zyrtarisht sezonin turistik, Klosi:  Qyteti ka nevoj\u00eb p\u00ebr organizim"},"content":{"rendered":"<p>Berati ka \u00e7elur zyrtarisht sezonin turistik 2021.N\u00eb kuad\u00ebr t\u00eb k\u00ebtij sezoni turistik \u00ebsht\u00eb ngritur edhe Task-Forca e zhvillimit t\u00eb turizmit, e p\u00ebrb\u00ebr\u00eb nga t\u00eb pesta bashkit\u00eb e qarkut Berat dhe institucioni i prefektit t\u00eb qarkut. Ministri i Turizmit Blendi Klosi ka theksuar r\u00ebnd\u00ebsin\u00eb q\u00eb ka ky sezon turistik, p\u00ebr mbar\u00ebvajtjen e t\u00eb cilit duhet t\u00eb sigurohen t\u00eb gjitha kushtet e nevojshme.<\/p>\n<p>\u201cJemi n\u00eb kuad\u00ebr t\u00eb organizimit t\u00eb Task-Forc\u00ebs s\u00eb Turizmit n\u00eb t\u00eb gjith\u00eb vendin dhe padyshim Berati \u00ebsht\u00eb nj\u00eb nga ato qarqe q\u00eb ka nevoj\u00eb p\u00ebr organizim t\u00eb funksionimit t\u00eb sistemit t\u00eb turizmit dhe besoj se viti 2021 do t\u00eb jet\u00eb me shifra shum\u00eb m\u00eb t\u00eb larta se viti 2020.<\/p>\n<p>Duhet ta pranojm\u00eb se viti 2020 pati nj\u00eb biznes turizmi n\u00eb Shqip\u00ebri por qytetet e brendshme si: Berati, Gjirokastra, Shkodra, Lezha etj p\u00ebsuan goditje. N\u00eb kuad\u00ebr t\u00eb p\u00ebrgatitjes s\u00eb sezonit turistik duhet t\u00eb fillojm\u00eb nj\u00eb aksion t\u00eb mir\u00eborganizuar, q\u00eb do t\u00eb shtrihet gjat\u00eb gjith\u00eb muajit Qershor p\u00ebr pastrimin e t\u00eb gjitha akseve rrugore dhe vendeve turistike t\u00eb vizitueshme nga turist\u00ebt , p\u00ebr ti ofruar atyre nj\u00eb Berat t\u00eb past\u00ebr si\u00e7 edhe \u00ebsht\u00eb tradita e k\u00ebtij qyteti.<\/p>\n<p>N\u00eb kuad\u00ebr t\u00eb politikave t\u00eb zhvillimit t\u00eb turizmit ne nuk do t\u00eb kemi si ofert\u00eb turstike t\u00eb qarkut vet\u00ebm qendrat historike e muzeale si\u00e7 jan\u00eb: Kalaja,Mangalemi e Gorica por duhet t\u00eb ofrojm\u00eb edhe destinacione t\u00eb tjera turistike, q\u00eb jan\u00eb t\u00eb shumta n\u00eb t\u00eb gjith\u00eb qarkun,duke filluar nga shtigjet, kishat shekullore, monumentet e kultur\u00ebs, kanionet e k\u00ebshtu me radh\u00eb\u201d-ka th\u00ebn\u00eb Klosi.<\/p>\n<p>Prefektja e qarkut t\u00eb Beratit, Valbona Zylyftari ka deklaruar se, p\u00ebr mbar\u00ebvajtjen e sezonit turistik \u00ebsht\u00eb realizuar nj\u00eb hart\u00eb me segmentet m\u00eb t\u00eb ndotura n\u00eb rang qarku, duke filluar nga shtratet e lumenjve e deri tek segmentet rrugore dhe pastrimi i tyre do t\u00eb filloj\u00eb n\u00eb jav\u00ebn e par\u00eb t\u00eb muajit Qershor.<\/p>\n","protected":false},"excerpt":{"rendered":"<p>Berati ka \u00e7elur zyrtarisht sezonin turistik 2021.N\u00eb kuad\u00ebr t\u00eb k\u00ebtij sezoni turistik \u00ebsht\u00eb ngritur edhe Task-Forca e zhvillimit t\u00eb turizmit, e p\u00ebrb\u00ebr\u00eb nga t\u00eb pesta bashkit\u00eb e qarkut Berat dhe institucioni i prefektit t\u00eb qarkut. Ministri i Turizmit Blendi Klosi ka theksuar r\u00ebnd\u00ebsin\u00eb q\u00eb ka ky sezon turistik, p\u00ebr mbar\u00ebvajtjen e t\u00eb cilit duhet t\u00eb [&hellip;]<\/p>\n","protected":false},"author":2031,"featured_media":185062,"comment_status":"closed","ping_status":"closed","sticky":false,"template":"","format":"standard","meta":{"footnotes":""},"categories":[231],"tags":[555,3266,312,458],"class_list":{"0":"post-185060","1":"post","2":"type-post","3":"status-publish","4":"format-standard","5":"has-post-thumbnail","7":"category-lajme","8":"tag-berat","9":"tag-klosi","10":"tag-lajme","11":"tag-zjarrtv"},"_links":{"self":[{"href":"https:\/\/zjarr.tv\/sq\/wp-json\/wp\/v2\/posts\/185060","targetHints":{"allow":["GET"]}}],"collection":[{"href":"https:\/\/zjarr.tv\/sq\/wp-json\/wp\/v2\/posts"}],"about":[{"href":"https:\/\/zjarr.tv\/sq\/wp-json\/wp\/v2\/types\/post"}],"author":[{"embeddable":true,"href":"https:\/\/zjarr.tv\/sq\/wp-json\/wp\/v2\/users\/2031"}],"replies":[{"embeddable":true,"href":"https:\/\/zjarr.tv\/sq\/wp-json\/wp\/v2\/comments?post=185060"}],"version-history":[{"count":0,"href":"https:\/\/zjarr.tv\/sq\/wp-json\/wp\/v2\/posts\/185060\/revisions"}],"wp:featuredmedia":[{"embeddable":true,"href":"https:\/\/zjarr.tv\/sq\/wp-json\/wp\/v2\/media\/185062"}],"wp:attachment":[{"href":"https:\/\/zjarr.tv\/sq\/wp-json\/wp\/v2\/media?parent=185060"}],"wp:term":[{"taxonomy":"category","embeddable":true,"href":"https:\/\/zjarr.tv\/sq\/wp-json\/wp\/v2\/categories?post=185060"},{"taxonomy":"post_tag","embeddable":true,"href":"https:\/\/zjarr.tv\/sq\/wp-json\/wp\/v2\/tags?post=185060"}],"curies":[{"name":"wp","href":"https:\/\/api.w.org\/{rel}","templated":true}]}}