{"id":185074,"date":"2021-05-27T18:45:08","date_gmt":"2021-05-27T16:45:08","guid":{"rendered":"https:\/\/zjarr.tv\/?p=185074"},"modified":"2021-05-27T18:45:08","modified_gmt":"2021-05-27T16:45:08","slug":"koha-qe-be-te-mbaje-premtimet-roth-konference-me-ramen-shqiperia-i-ka-kryer-detyrat","status":"publish","type":"post","link":"https:\/\/zjarr.tv\/sq\/koha-qe-be-te-mbaje-premtimet-roth-konference-me-ramen-shqiperia-i-ka-kryer-detyrat\/","title":{"rendered":"\u201cKoha q\u00eb BE t\u00eb mbaj\u00eb premtimet\u201d, Roth konferenc\u00eb me Ram\u00ebn: Shqip\u00ebria i ka kryer detyrat\u00a0\u00a0"},"content":{"rendered":"<p>Ministri gjerman p\u00ebr Europ\u00ebn, Michael Roth ka nisur sot nj\u00eb vizit\u00eb dy ditore n\u00eb Tiran\u00eb n\u00eb lidhje me ecurin\u00eb e procesit t\u00eb hapjes s\u00eb negociatave t\u00eb Shqip\u00ebris\u00eb me Bashkimin Europian.<\/p>\n<p>Roth s\u00eb fundmi ka dal\u00eb n\u00eb nj\u00eb konferenc\u00eb t\u00eb p\u00ebrbashk\u00ebt me kryeministrin Edi Rama.<\/p>\n<p>Nd\u00ebrsa dit\u00ebn e nes\u00ebrme ai do t\u00eb zhvilloj\u00eb takime me kreun e PD Lulzim Basha dhe me ministren e Jashtme Olta Xha\u00e7ka.<\/p>\n<p>Ndalesa tjet\u00ebr e Roth ishte Maqedonia e Veriut nd\u00ebrsa n\u00eb dit\u00ebt n\u00eb vazhdim ai pritet t\u00eb vazhdoj\u00eb turin n\u00eb vendet e tjera t\u00eb Ballkanit Per\u00ebndimor. Nj\u00eb dit\u00eb m\u00eb par\u00eb ai deklaroi se tashm\u00eb \u00ebsht\u00eb koha q\u00eb BE t\u00eb p\u00ebrmbush\u00eb premtimet dhe t\u00eb filloj\u00eb negociatat me Maqedonin\u00eb e Veriut dhe Shqip\u00ebrin\u00eb.<\/p>\n","protected":false},"excerpt":{"rendered":"<p>Ministri gjerman p\u00ebr Europ\u00ebn, Michael Roth ka nisur sot nj\u00eb vizit\u00eb dy ditore n\u00eb Tiran\u00eb n\u00eb lidhje me ecurin\u00eb e procesit t\u00eb hapjes s\u00eb negociatave t\u00eb Shqip\u00ebris\u00eb me Bashkimin Europian. Roth s\u00eb fundmi ka dal\u00eb n\u00eb nj\u00eb konferenc\u00eb t\u00eb p\u00ebrbashk\u00ebt me kryeministrin Edi Rama. Nd\u00ebrsa dit\u00ebn e nes\u00ebrme ai do t\u00eb zhvilloj\u00eb takime me kreun [&hellip;]<\/p>\n","protected":false},"author":2031,"featured_media":185075,"comment_status":"closed","ping_status":"closed","sticky":false,"template":"","format":"standard","meta":{"footnotes":""},"categories":[231],"tags":[558,312,302,458],"class_list":{"0":"post-185074","1":"post","2":"type-post","3":"status-publish","4":"format-standard","5":"has-post-thumbnail","7":"category-lajme","8":"tag-be","9":"tag-lajme","10":"tag-rama","11":"tag-zjarrtv"},"_links":{"self":[{"href":"https:\/\/zjarr.tv\/sq\/wp-json\/wp\/v2\/posts\/185074","targetHints":{"allow":["GET"]}}],"collection":[{"href":"https:\/\/zjarr.tv\/sq\/wp-json\/wp\/v2\/posts"}],"about":[{"href":"https:\/\/zjarr.tv\/sq\/wp-json\/wp\/v2\/types\/post"}],"author":[{"embeddable":true,"href":"https:\/\/zjarr.tv\/sq\/wp-json\/wp\/v2\/users\/2031"}],"replies":[{"embeddable":true,"href":"https:\/\/zjarr.tv\/sq\/wp-json\/wp\/v2\/comments?post=185074"}],"version-history":[{"count":0,"href":"https:\/\/zjarr.tv\/sq\/wp-json\/wp\/v2\/posts\/185074\/revisions"}],"wp:featuredmedia":[{"embeddable":true,"href":"https:\/\/zjarr.tv\/sq\/wp-json\/wp\/v2\/media\/185075"}],"wp:attachment":[{"href":"https:\/\/zjarr.tv\/sq\/wp-json\/wp\/v2\/media?parent=185074"}],"wp:term":[{"taxonomy":"category","embeddable":true,"href":"https:\/\/zjarr.tv\/sq\/wp-json\/wp\/v2\/categories?post=185074"},{"taxonomy":"post_tag","embeddable":true,"href":"https:\/\/zjarr.tv\/sq\/wp-json\/wp\/v2\/tags?post=185074"}],"curies":[{"name":"wp","href":"https:\/\/api.w.org\/{rel}","templated":true}]}}