{"id":185078,"date":"2021-05-27T18:51:58","date_gmt":"2021-05-27T16:51:58","guid":{"rendered":"https:\/\/zjarr.tv\/?p=185078"},"modified":"2021-05-27T18:51:58","modified_gmt":"2021-05-27T16:51:58","slug":"mjetet-e-bllokuara-gjate-pandemise-do-te-lirohen-ja-cfare-ndodh-me-pezullimin-3-vjecar-te-patentave","status":"publish","type":"post","link":"https:\/\/zjarr.tv\/sq\/mjetet-e-bllokuara-gjate-pandemise-do-te-lirohen-ja-cfare-ndodh-me-pezullimin-3-vjecar-te-patentave\/","title":{"rendered":"Mjetet e bllokuara gjat\u00eb pandemis\u00eb do t\u00eb lirohen, ja \u00e7far\u00eb ndodh me pezullimin 3 vje\u00e7ar t\u00eb patentave"},"content":{"rendered":"<p>Qeveria ka nd\u00ebrhyr\u00eb s\u00ebrish n\u00eb aktin normativ shtr\u00ebngues p\u00ebr masat kufizuese, duke hequr penalizimin e r\u00ebnd\u00eb me heqje patente prej 3 vitesh dhe bllokim mjeti p\u00ebr shkel\u00ebsit e karantin\u00ebs.<\/p>\n<p>Masat zbuten me vet\u00ebm 30 dit\u00eb heqje t\u00eb patent\u00ebs p\u00ebr drejtuesit e mjeteve q\u00eb kan\u00eb shkelur kufizimet.<\/p>\n<p>\u201cMasat administrative t\u00eb vendosura nga autoritetet shtet\u00ebrore p\u00ebrkat\u00ebse, sipas pik\u00ebs 11, t\u00eb nenit 3, t\u00eb aktit normativ nr. 3, dat\u00eb 15.3.2020, t\u00eb K\u00ebshillit t\u00eb Ministrave, t\u00eb ndryshuar, p\u00ebr heqjen e lejes s\u00eb drejtimit apo masat e tjera t\u00eb bllokimit t\u00eb automjeteve humbasin fuqi, n\u00ebse nga periudha e marrjes s\u00eb masave \u00ebsht\u00eb p\u00ebrmbushur afati prej 30 (tridhjet\u00eb) dit\u00ebsh, i parashikuar n\u00eb shkronj\u00ebn \u201cb\u201d, t\u00eb nenit 1, t\u00eb k\u00ebtij akti normativ\u201d, thuhet n\u00eb nenin q\u00eb flet p\u00ebr shlyerjen e masave administrative.<\/p>\n<p>Kjo do t\u00eb thot\u00eb se me k\u00ebt\u00eb akt normativ, t\u00eb gjith\u00eb atyre qytetar\u00ebve q\u00eb u \u00ebsht\u00eb sekuestruar leja e drejtimit dhe bllokuar automjeti p\u00ebr shkelje t\u00eb kufizimeve mund t\u00eb marrin menj\u00ebher\u00eb si patent\u00ebn, ashtu edhe makin\u00ebn n\u00ebse jan\u00eb mbushur 30 dit\u00eb q\u00eb nga momenti i bllokimit t\u00eb tyre.<\/p>\n","protected":false},"excerpt":{"rendered":"<p>Qeveria ka nd\u00ebrhyr\u00eb s\u00ebrish n\u00eb aktin normativ shtr\u00ebngues p\u00ebr masat kufizuese, duke hequr penalizimin e r\u00ebnd\u00eb me heqje patente prej 3 vitesh dhe bllokim mjeti p\u00ebr shkel\u00ebsit e karantin\u00ebs. Masat zbuten me vet\u00ebm 30 dit\u00eb heqje t\u00eb patent\u00ebs p\u00ebr drejtuesit e mjeteve q\u00eb kan\u00eb shkelur kufizimet. \u201cMasat administrative t\u00eb vendosura nga autoritetet shtet\u00ebrore p\u00ebrkat\u00ebse, sipas [&hellip;]<\/p>\n","protected":false},"author":2031,"featured_media":185079,"comment_status":"closed","ping_status":"closed","sticky":false,"template":"","format":"standard","meta":{"footnotes":""},"categories":[231],"tags":[312,3348,458],"class_list":{"0":"post-185078","1":"post","2":"type-post","3":"status-publish","4":"format-standard","5":"has-post-thumbnail","7":"category-lajme","8":"tag-lajme","9":"tag-mjetet-e-bllokuara","10":"tag-zjarrtv"},"_links":{"self":[{"href":"https:\/\/zjarr.tv\/sq\/wp-json\/wp\/v2\/posts\/185078","targetHints":{"allow":["GET"]}}],"collection":[{"href":"https:\/\/zjarr.tv\/sq\/wp-json\/wp\/v2\/posts"}],"about":[{"href":"https:\/\/zjarr.tv\/sq\/wp-json\/wp\/v2\/types\/post"}],"author":[{"embeddable":true,"href":"https:\/\/zjarr.tv\/sq\/wp-json\/wp\/v2\/users\/2031"}],"replies":[{"embeddable":true,"href":"https:\/\/zjarr.tv\/sq\/wp-json\/wp\/v2\/comments?post=185078"}],"version-history":[{"count":0,"href":"https:\/\/zjarr.tv\/sq\/wp-json\/wp\/v2\/posts\/185078\/revisions"}],"wp:featuredmedia":[{"embeddable":true,"href":"https:\/\/zjarr.tv\/sq\/wp-json\/wp\/v2\/media\/185079"}],"wp:attachment":[{"href":"https:\/\/zjarr.tv\/sq\/wp-json\/wp\/v2\/media?parent=185078"}],"wp:term":[{"taxonomy":"category","embeddable":true,"href":"https:\/\/zjarr.tv\/sq\/wp-json\/wp\/v2\/categories?post=185078"},{"taxonomy":"post_tag","embeddable":true,"href":"https:\/\/zjarr.tv\/sq\/wp-json\/wp\/v2\/tags?post=185078"}],"curies":[{"name":"wp","href":"https:\/\/api.w.org\/{rel}","templated":true}]}}