{"id":185083,"date":"2021-05-27T19:19:36","date_gmt":"2021-05-27T17:19:36","guid":{"rendered":"https:\/\/zjarr.tv\/?p=185083"},"modified":"2021-05-27T19:19:36","modified_gmt":"2021-05-27T17:19:36","slug":"mesazh-per-bashkeqeverisje-rama-basha-michael-roth-nga-tirana-deshiroj-te-mberrihet-ne-nje-raport-me-respekt-mes-qeverise-dhe-opozites","status":"publish","type":"post","link":"https:\/\/zjarr.tv\/sq\/mesazh-per-bashkeqeverisje-rama-basha-michael-roth-nga-tirana-deshiroj-te-mberrihet-ne-nje-raport-me-respekt-mes-qeverise-dhe-opozites\/","title":{"rendered":"Mesazh p\u00ebr bashk\u00ebqeverisje Rama-Basha? Michael Roth nga Tirana: D\u00ebshiroj t\u00eb mb\u00ebrrihet n\u00eb nj\u00eb raport me respekt mes qeveris\u00eb dhe opozit\u00ebs"},"content":{"rendered":"<p>Ministri i Jasht\u00ebm gjerman Michael Roth, gjat\u00eb fjal\u00ebs s\u00eb mbajtur n\u00eb konferenc\u00ebn e p\u00ebrbashk\u00ebt me mediat n\u00eb krah t\u00eb kryeministrit Rama, u shpreh q\u00eb t\u00eb mb\u00ebrrihet n\u00eb nj\u00eb raport respekti mes qeveris\u00eb dhe opozit\u00ebs, duke theksuar bashk\u00ebpunimin p\u00ebr Kodin Zgjedhor dhe \u00e7\u00ebshtje t\u00eb tjera me interes t\u00eb p\u00ebrbashk\u00ebt.<\/p>\n<p>Minisri i Jasht\u00ebm gjerman Michael Roth: D\u00ebshiroj q\u00eb edhe k\u00ebtu t\u00eb mb\u00ebrrihet n\u00eb nj\u00eb raport me respekt mes qeveris\u00eb dhe opozit\u00ebs. \u00c7\u00ebshtjet e Kodit Zgjedhor dhe vlerat e p\u00ebrbashk\u00ebta duhet ti b\u00ebjn\u00eb t\u00eb bashk\u00ebpunojn\u00eb forcat politike.<\/p>\n<p>Ky do t\u00eb jet\u00eb mesazhi im p\u00ebr pal\u00ebn tjet\u00ebr, pasi un\u00eb do t\u00eb zhvilloj gjithashtu dhe nj\u00eb takim me opozit\u00ebn dhe shoq\u00ebrin\u00eb civile.<\/p>\n<p>K\u00ebtu kam ardhur q\u00eb t\u00eb d\u00ebgjoj dhe ku Gjermania mund t\u00eb ndihmoj\u00eb p\u00ebr m\u00eb mir\u00eb.<\/p>\n<p>Nj\u00eb nga problemet e Ballkanit Per\u00ebndimor\u00eb \u00ebsht\u00eb se largimi i t\u00eb rinj\u00ebve jasht\u00eb vendit, por zhvillimi i brendsh\u00ebm do t\u00eb duhet t\u2019i b\u00ebj\u00eb ata t\u00eb rikthehen n\u00eb t\u00eb ardhmen.<\/p>\n","protected":false},"excerpt":{"rendered":"<p>Ministri i Jasht\u00ebm gjerman Michael Roth, gjat\u00eb fjal\u00ebs s\u00eb mbajtur n\u00eb konferenc\u00ebn e p\u00ebrbashk\u00ebt me mediat n\u00eb krah t\u00eb kryeministrit Rama, u shpreh q\u00eb t\u00eb mb\u00ebrrihet n\u00eb nj\u00eb raport respekti mes qeveris\u00eb dhe opozit\u00ebs, duke theksuar bashk\u00ebpunimin p\u00ebr Kodin Zgjedhor dhe \u00e7\u00ebshtje t\u00eb tjera me interes t\u00eb p\u00ebrbashk\u00ebt. Minisri i Jasht\u00ebm gjerman Michael Roth: D\u00ebshiroj [&hellip;]<\/p>\n","protected":false},"author":2031,"featured_media":185085,"comment_status":"closed","ping_status":"closed","sticky":false,"template":"","format":"standard","meta":{"footnotes":""},"categories":[231],"tags":[558,312,458],"class_list":{"0":"post-185083","1":"post","2":"type-post","3":"status-publish","4":"format-standard","5":"has-post-thumbnail","7":"category-lajme","8":"tag-be","9":"tag-lajme","10":"tag-zjarrtv"},"_links":{"self":[{"href":"https:\/\/zjarr.tv\/sq\/wp-json\/wp\/v2\/posts\/185083","targetHints":{"allow":["GET"]}}],"collection":[{"href":"https:\/\/zjarr.tv\/sq\/wp-json\/wp\/v2\/posts"}],"about":[{"href":"https:\/\/zjarr.tv\/sq\/wp-json\/wp\/v2\/types\/post"}],"author":[{"embeddable":true,"href":"https:\/\/zjarr.tv\/sq\/wp-json\/wp\/v2\/users\/2031"}],"replies":[{"embeddable":true,"href":"https:\/\/zjarr.tv\/sq\/wp-json\/wp\/v2\/comments?post=185083"}],"version-history":[{"count":0,"href":"https:\/\/zjarr.tv\/sq\/wp-json\/wp\/v2\/posts\/185083\/revisions"}],"wp:featuredmedia":[{"embeddable":true,"href":"https:\/\/zjarr.tv\/sq\/wp-json\/wp\/v2\/media\/185085"}],"wp:attachment":[{"href":"https:\/\/zjarr.tv\/sq\/wp-json\/wp\/v2\/media?parent=185083"}],"wp:term":[{"taxonomy":"category","embeddable":true,"href":"https:\/\/zjarr.tv\/sq\/wp-json\/wp\/v2\/categories?post=185083"},{"taxonomy":"post_tag","embeddable":true,"href":"https:\/\/zjarr.tv\/sq\/wp-json\/wp\/v2\/tags?post=185083"}],"curies":[{"name":"wp","href":"https:\/\/api.w.org\/{rel}","templated":true}]}}