{"id":185084,"date":"2021-05-27T19:21:12","date_gmt":"2021-05-27T17:21:12","guid":{"rendered":"https:\/\/zjarr.tv\/?p=185084"},"modified":"2021-05-27T19:21:12","modified_gmt":"2021-05-27T17:21:12","slug":"rama-ia-thote-ne-sy-ministrit-gjerman-qytetaret-duhet-te-udhetojne-te-lire-ska-rendesi-nese-kane-bere-vaksina-lindore-apo-perendimore","status":"publish","type":"post","link":"https:\/\/zjarr.tv\/sq\/rama-ia-thote-ne-sy-ministrit-gjerman-qytetaret-duhet-te-udhetojne-te-lire-ska-rendesi-nese-kane-bere-vaksina-lindore-apo-perendimore\/","title":{"rendered":"Rama ia thot\u00eb n\u00eb sy ministrit gjerman: Qytetar\u00ebt duhet t\u00eb udh\u00ebtojn\u00eb t\u00eb lir\u00eb, s\u2019ka r\u00ebnd\u00ebsi n\u00ebse kan\u00eb b\u00ebr\u00eb vaksina lindore apo per\u00ebndimore"},"content":{"rendered":"<p>Kryeministri Edi Rama gjat\u00eb konferenc\u00ebs s\u00eb p\u00ebrbashk\u00ebt me ministrin gjerman t\u00eb Shtetit p\u00ebr Europ\u00ebn, Michael Roth, i ka th\u00ebn\u00eb k\u00ebtij t\u00eb fundit se do t\u00eb sihte shum\u00eb e r\u00ebnd\u00eb n\u00ebse qytetar\u00ebve do t\u2019u ndalohej l\u00ebvizja e lir\u00eb p\u00ebr shkak t\u00eb vaksinave q\u00eb kan\u00eb b\u00ebr\u00eb.<\/p>\n<p>Rama u shpreh se nuk ka arsye pse t\u00eb ndahen njer\u00ebzit n\u00eb kategori kur b\u00ebhet fjal\u00eb p\u00ebr t\u00eb drejt\u00ebn e tyre t\u00eb l\u00ebvizjes s\u00eb lir\u00eb.<\/p>\n<p>\u201cDo t\u00eb ishte m\u00eb e r\u00ebnd\u00eb se shtyrja e korniz\u00ebs p\u00ebr Konferenc\u00ebn e Par\u00eb t\u00eb Qytetar\u00ebve, pamund\u00ebsia e udh\u00ebtimit t\u00eb qytetar\u00ebve t\u00eb Ballkanit n\u00eb Europ\u00eb, p\u00ebr shkak t\u00eb ndarjes s\u00eb tyre n\u00eb kategori: ata q\u00eb kan\u00eb b\u00ebr\u00eb vaksin\u00eb per\u00ebndimore dhe ata q\u00eb kan\u00eb b\u00ebr\u00eb vaksin\u00eb lindore. Na ndihmoni q\u00eb ta p\u00ebr\u00e7ojm\u00eb k\u00ebt\u00eb mesazh. Nuk ka arsye pse t\u00eb ndahen njer\u00ebzit n\u00eb kategori kur b\u00ebhet fjal\u00eb p\u00ebr t\u00eb drejt\u00ebn e tyre t\u00eb l\u00ebvizjes s\u00eb lir\u00eb\u201d, tha Rama.<\/p>\n","protected":false},"excerpt":{"rendered":"<p>Kryeministri Edi Rama gjat\u00eb konferenc\u00ebs s\u00eb p\u00ebrbashk\u00ebt me ministrin gjerman t\u00eb Shtetit p\u00ebr Europ\u00ebn, Michael Roth, i ka th\u00ebn\u00eb k\u00ebtij t\u00eb fundit se do t\u00eb sihte shum\u00eb e r\u00ebnd\u00eb n\u00ebse qytetar\u00ebve do t\u2019u ndalohej l\u00ebvizja e lir\u00eb p\u00ebr shkak t\u00eb vaksinave q\u00eb kan\u00eb b\u00ebr\u00eb. Rama u shpreh se nuk ka arsye pse t\u00eb ndahen njer\u00ebzit [&hellip;]<\/p>\n","protected":false},"author":2030,"featured_media":185088,"comment_status":"closed","ping_status":"closed","sticky":false,"template":"","format":"standard","meta":{"footnotes":""},"categories":[241,1454],"tags":[],"class_list":{"0":"post-185084","1":"post","2":"type-post","3":"status-publish","4":"format-standard","5":"has-post-thumbnail","7":"category-aktualitet","8":"category-politike"},"_links":{"self":[{"href":"https:\/\/zjarr.tv\/sq\/wp-json\/wp\/v2\/posts\/185084","targetHints":{"allow":["GET"]}}],"collection":[{"href":"https:\/\/zjarr.tv\/sq\/wp-json\/wp\/v2\/posts"}],"about":[{"href":"https:\/\/zjarr.tv\/sq\/wp-json\/wp\/v2\/types\/post"}],"author":[{"embeddable":true,"href":"https:\/\/zjarr.tv\/sq\/wp-json\/wp\/v2\/users\/2030"}],"replies":[{"embeddable":true,"href":"https:\/\/zjarr.tv\/sq\/wp-json\/wp\/v2\/comments?post=185084"}],"version-history":[{"count":0,"href":"https:\/\/zjarr.tv\/sq\/wp-json\/wp\/v2\/posts\/185084\/revisions"}],"wp:featuredmedia":[{"embeddable":true,"href":"https:\/\/zjarr.tv\/sq\/wp-json\/wp\/v2\/media\/185088"}],"wp:attachment":[{"href":"https:\/\/zjarr.tv\/sq\/wp-json\/wp\/v2\/media?parent=185084"}],"wp:term":[{"taxonomy":"category","embeddable":true,"href":"https:\/\/zjarr.tv\/sq\/wp-json\/wp\/v2\/categories?post=185084"},{"taxonomy":"post_tag","embeddable":true,"href":"https:\/\/zjarr.tv\/sq\/wp-json\/wp\/v2\/tags?post=185084"}],"curies":[{"name":"wp","href":"https:\/\/api.w.org\/{rel}","templated":true}]}}