{"id":185097,"date":"2021-05-28T07:19:32","date_gmt":"2021-05-28T05:19:32","guid":{"rendered":"https:\/\/zjarr.tv\/?p=185097"},"modified":"2021-05-28T07:19:32","modified_gmt":"2021-05-28T05:19:32","slug":"bashkia-e-tiranes-heq-abonene-e-pergjithshme-shtohen-akoma-me-shume-shpenzimet-per-qytetaret","status":"publish","type":"post","link":"https:\/\/zjarr.tv\/sq\/bashkia-e-tiranes-heq-abonene-e-pergjithshme-shtohen-akoma-me-shume-shpenzimet-per-qytetaret\/","title":{"rendered":"Bashkia e Tiran\u00ebs heq abonen\u00eb e p\u00ebrgjithshme, shtohen akoma m\u00eb shum\u00eb shpenzimet p\u00ebr qytetar\u00ebt\u2026"},"content":{"rendered":"<p>Nj\u00eb tjet\u00ebr lajm q\u00eb do u kushtoj\u00eb shtrenjt\u00eb xhepat, pas ngritjes s\u00eb \u00e7mimit t\u00eb karburantit t\u00eb ujit apo edhe t\u00eb disa ushqimeve t\u00eb shport\u00ebs, duket se do e r\u00ebndoj\u00eb edhe m\u00eb tej buxhetin e varf\u00ebr t\u00eb qytetar\u00ebve.<\/p>\n<p>Duke filluar nga muaji Qershor, Bashkia e Tiran\u00ebs, do t\u00eb heq\u00eb nga qarkullimi abonet\u00eb e p\u00ebrgjithshme n\u00eb linjat e transportit publik. Duke filluar nga ky muaj, do t\u00eb jen\u00eb n\u00eb qarkullim vet\u00ebm abonet\u00eb e linjave, q\u00eb do t\u00eb thot\u00eb q\u00eb p\u00ebr \u00e7do linj\u00eb, qytetar\u00ebt duhet t\u00eb jen\u00eb t\u00eb pajisur me nj\u00eb abone m\u00eb vete.<\/p>\n<p>Pra, n\u00ebse nj\u00eb qytetar i duhet t\u00eb marr\u00eb dy linja urbane p\u00ebr t\u00eb shkuar n\u00eb pun\u00eb, nga 16 mij\u00eb lek\u00eb q\u00eb kushtonte nj\u00eb abone e p\u00ebrgjithshme, tashm\u00eb duhet t\u00eb paguaj\u00eb 24 mij\u00eb lek\u00eb n\u00eb muaj. Jo vet\u00ebm kaq, por sikur t\u00eb mos mjaftonte kjo kosto e shtuar, duke filluar nga muaji n\u00eb vazhdim, \u00e7do qytetar duhet ta ket\u00eb t\u00eb pajisur abonen\u00eb e linj\u00ebs me foto personale. \u00c7ka e rrit edhe m\u00eb shum\u00eb koston e nj\u00eb aboneje, po t\u00eb kemi parasysh se p\u00ebr \u00e7do abone duhet t\u00eb stamposh nj\u00eb set me fotografi personale.<\/p>\n<p>E gjitha kjo ndodh vet\u00ebm nj\u00eb muaj pas p\u00ebrfundimit t\u00eb zgjedhjeve dhe nj\u00eb mashtrimi publik q\u00eb ishte denoncuar edhe m\u00eb her\u00ebt.<\/p>\n<p>Ku p\u00ebr t\u00eb mashtruar qytetar\u00ebt, disa muaj para zgjedhjeve dhe deri sa ato p\u00ebrfunduan, abonet\u00eb e p\u00ebrgjithshme u shit\u00ebn jasht\u00eb \u00e7do kriteri q\u00eb nuk nd\u00ebrmori asnj\u00eb hetim, n\u00ebn \u00e7mimin real, p\u00ebr vet\u00ebm 10 mij\u00eb lek\u00eb t\u00eb vjetra.<\/p>\n<p>Nj\u00eb tjet\u00ebr prov\u00eb se si pushteti lokal i drejtuar nga maxhoranca aktuale, p\u00ebrdori makinacione t\u00eb tilla p\u00ebr t\u00eb mikluar qytetar\u00ebt, t\u00eb cil\u00ebt sot pas l\u00ebvizjes s\u00eb fundit po nga kjo bashki, q\u00eb heq abonet\u00eb e p\u00ebrgjithshme si n\u00eb asnj\u00eb Kryeqytet tjet\u00ebr t\u00eb Europ\u00ebs, ndihen dyfish t\u00eb mashtruar dhe me nj\u00eb kosto tjet\u00ebr shtes\u00eb q\u00eb r\u00ebndon gjithmon\u00eb e m\u00eb tep\u00ebr xhepat e tyre t\u00eb varf\u00ebr.<\/p>\n<p>&nbsp;<\/p>\n","protected":false},"excerpt":{"rendered":"<p>Nj\u00eb tjet\u00ebr lajm q\u00eb do u kushtoj\u00eb shtrenjt\u00eb xhepat, pas ngritjes s\u00eb \u00e7mimit t\u00eb karburantit t\u00eb ujit apo edhe t\u00eb disa ushqimeve t\u00eb shport\u00ebs, duket se do e r\u00ebndoj\u00eb edhe m\u00eb tej buxhetin e varf\u00ebr t\u00eb qytetar\u00ebve. Duke filluar nga muaji Qershor, Bashkia e Tiran\u00ebs, do t\u00eb heq\u00eb nga qarkullimi abonet\u00eb e p\u00ebrgjithshme n\u00eb linjat [&hellip;]<\/p>\n","protected":false},"author":2016,"featured_media":185099,"comment_status":"closed","ping_status":"closed","sticky":false,"template":"","format":"standard","meta":{"footnotes":""},"categories":[241],"tags":[3350],"class_list":{"0":"post-185097","1":"post","2":"type-post","3":"status-publish","4":"format-standard","5":"has-post-thumbnail","7":"category-aktualitet","8":"tag-lajme-zjarr-veliaj-heq-abonene-e-pergjithshme-zjarr-tv"},"_links":{"self":[{"href":"https:\/\/zjarr.tv\/sq\/wp-json\/wp\/v2\/posts\/185097","targetHints":{"allow":["GET"]}}],"collection":[{"href":"https:\/\/zjarr.tv\/sq\/wp-json\/wp\/v2\/posts"}],"about":[{"href":"https:\/\/zjarr.tv\/sq\/wp-json\/wp\/v2\/types\/post"}],"author":[{"embeddable":true,"href":"https:\/\/zjarr.tv\/sq\/wp-json\/wp\/v2\/users\/2016"}],"replies":[{"embeddable":true,"href":"https:\/\/zjarr.tv\/sq\/wp-json\/wp\/v2\/comments?post=185097"}],"version-history":[{"count":0,"href":"https:\/\/zjarr.tv\/sq\/wp-json\/wp\/v2\/posts\/185097\/revisions"}],"wp:featuredmedia":[{"embeddable":true,"href":"https:\/\/zjarr.tv\/sq\/wp-json\/wp\/v2\/media\/185099"}],"wp:attachment":[{"href":"https:\/\/zjarr.tv\/sq\/wp-json\/wp\/v2\/media?parent=185097"}],"wp:term":[{"taxonomy":"category","embeddable":true,"href":"https:\/\/zjarr.tv\/sq\/wp-json\/wp\/v2\/categories?post=185097"},{"taxonomy":"post_tag","embeddable":true,"href":"https:\/\/zjarr.tv\/sq\/wp-json\/wp\/v2\/tags?post=185097"}],"curies":[{"name":"wp","href":"https:\/\/api.w.org\/{rel}","templated":true}]}}