{"id":185103,"date":"2021-05-28T07:47:36","date_gmt":"2021-05-28T05:47:36","guid":{"rendered":"https:\/\/zjarr.tv\/?p=185103"},"modified":"2021-05-28T07:47:36","modified_gmt":"2021-05-28T05:47:36","slug":"u-shpall-non-grata-sali-berisha-menduan-se-do-me-dobesonin-por-qe-qe-ka-efekt-te-kundert-te-une","status":"publish","type":"post","link":"https:\/\/zjarr.tv\/sq\/u-shpall-non-grata-sali-berisha-menduan-se-do-me-dobesonin-por-qe-qe-ka-efekt-te-kundert-te-une\/","title":{"rendered":"U shpall \u201cnon grata\u201d\/ Sali Berisha: Menduan se do m\u00eb dob\u00ebsonin, por q\u00eb q\u00eb ka efekt t\u00eb  kund\u00ebrt te un\u00eb\u2026"},"content":{"rendered":"<p style=\"margin-top: 0in; background: white;\"><span style=\"color: #212529;\">Ish-kryeministri Sali Berisha, i \u00ebsht\u00eb rikthyer edhe nj\u00eb her\u00eb shpalljes \u201cnon grata\u201d, nga Shtetet e Bashkuara t\u00eb Amerik\u00ebs.<\/span><\/p>\n<p style=\"margin-top: 0in; background: white; box-sizing: border-box; margin-bottom: 1rem; font-variant-ligatures: normal; font-variant-caps: normal; orphans: 2; widows: 2; -webkit-text-stroke-width: 0px; text-decoration-thickness: initial; text-decoration-style: initial; text-decoration-color: initial; word-spacing: 0px;\"><span style=\"color: #212529;\">Kujtojm\u00eb se Berisha ka hedhur n\u00eb gjyq sekretarin e Shtetit Antoni Blinken, me akuz\u00ebn e shpifjes pas vendimit, nd\u00ebrsa mbr\u00ebm\u00eb ishte i ftuar n\u00eb emisionin \u201cPolitikon\u201d, ku u shpreh se pavar\u00ebsisht vendimit t\u00eb amerikan\u00ebve, ai nuk do t\u2019u bashkohet miliona anti-amerikan\u00ebve n\u00eb Europ\u00eb.<\/span><\/p>\n<p style=\"margin-top: 0in; background: white; box-sizing: border-box; margin-bottom: 1rem; font-variant-ligatures: normal; font-variant-caps: normal; orphans: 2; widows: 2; -webkit-text-stroke-width: 0px; text-decoration-thickness: initial; text-decoration-style: initial; text-decoration-color: initial; word-spacing: 0px;\"><em style=\"box-sizing: border-box;\"><span style=\"color: #212529;\">\u201cJo nuk ka. Nuk kam nd\u00ebrmend kurr\u00eb t\u2019u bashkohem miliona anti-amerikan\u00ebve n\u00eb Europ\u00eb. N\u00eb Europ\u00eb e majta europiane ka nxitur antiamerikaniz\u00ebm t\u00eb pap\u00ebrmbajtur, un\u00eb nuk mund t\u00eb bashkohem. K\u00ebt\u00eb akt, k\u00ebt\u00eb vendim absurd t\u00eb bazuar n\u00eb shpifje nuk mundem kurr\u00eb t\u2019a marr si simbol t\u00eb Amerik\u00ebs, e marr si dob\u00ebsi padiskutim\u201d, tha ish-kryeministri.<\/span><\/em><\/p>\n<p style=\"margin-top: 0in; background: white; box-sizing: border-box; margin-bottom: 1rem; font-variant-ligatures: normal; font-variant-caps: normal; orphans: 2; widows: 2; -webkit-text-stroke-width: 0px; text-decoration-thickness: initial; text-decoration-style: initial; text-decoration-color: initial; word-spacing: 0px;\"><span style=\"color: #212529;\">Berisha insiston se ky \u00ebsht\u00eb nj\u00eb vendim i bazuar n\u00eb shpifje, nd\u00ebrsa ka shtuar se koha kur erdhi shpallja \u201cnon grata\u201d p\u00ebr t\u00eb nuk \u00ebsht\u00eb rast\u00ebsi.<\/span><\/p>\n<p style=\"margin-top: 0in; background: white; box-sizing: border-box; margin-bottom: 1rem; font-variant-ligatures: normal; font-variant-caps: normal; orphans: 2; widows: 2; -webkit-text-stroke-width: 0px; text-decoration-thickness: initial; text-decoration-style: initial; text-decoration-color: initial; word-spacing: 0px;\"><em style=\"box-sizing: border-box;\"><span style=\"color: #212529;\">\u201c\u00cbsht\u00eb menduar se kjo goditje do t\u00eb m\u00eb dob\u00ebsoj\u00eb n\u00eb nj\u00eb koh\u00eb q\u00eb ka efekt t\u00eb kund\u00ebrt te un\u00eb\u201d, deklaroi Berisha.<\/span><\/em><\/p>\n","protected":false},"excerpt":{"rendered":"<p>Ish-kryeministri Sali Berisha, i \u00ebsht\u00eb rikthyer edhe nj\u00eb her\u00eb shpalljes \u201cnon grata\u201d, nga Shtetet e Bashkuara t\u00eb Amerik\u00ebs. Kujtojm\u00eb se Berisha ka hedhur n\u00eb gjyq sekretarin e Shtetit Antoni Blinken, me akuz\u00ebn e shpifjes pas vendimit, nd\u00ebrsa mbr\u00ebm\u00eb ishte i ftuar n\u00eb emisionin \u201cPolitikon\u201d, ku u shpreh se pavar\u00ebsisht vendimit t\u00eb amerikan\u00ebve, ai nuk do [&hellip;]<\/p>\n","protected":false},"author":2016,"featured_media":185105,"comment_status":"closed","ping_status":"closed","sticky":false,"template":"","format":"standard","meta":{"footnotes":""},"categories":[241,1454],"tags":[3352],"class_list":{"0":"post-185103","1":"post","2":"type-post","3":"status-publish","4":"format-standard","5":"has-post-thumbnail","7":"category-aktualitet","8":"category-politike","9":"tag-lajme-zjarr-berisha-menduan-se-do-me-dobesonin-zjarr-tv"},"_links":{"self":[{"href":"https:\/\/zjarr.tv\/sq\/wp-json\/wp\/v2\/posts\/185103","targetHints":{"allow":["GET"]}}],"collection":[{"href":"https:\/\/zjarr.tv\/sq\/wp-json\/wp\/v2\/posts"}],"about":[{"href":"https:\/\/zjarr.tv\/sq\/wp-json\/wp\/v2\/types\/post"}],"author":[{"embeddable":true,"href":"https:\/\/zjarr.tv\/sq\/wp-json\/wp\/v2\/users\/2016"}],"replies":[{"embeddable":true,"href":"https:\/\/zjarr.tv\/sq\/wp-json\/wp\/v2\/comments?post=185103"}],"version-history":[{"count":0,"href":"https:\/\/zjarr.tv\/sq\/wp-json\/wp\/v2\/posts\/185103\/revisions"}],"wp:featuredmedia":[{"embeddable":true,"href":"https:\/\/zjarr.tv\/sq\/wp-json\/wp\/v2\/media\/185105"}],"wp:attachment":[{"href":"https:\/\/zjarr.tv\/sq\/wp-json\/wp\/v2\/media?parent=185103"}],"wp:term":[{"taxonomy":"category","embeddable":true,"href":"https:\/\/zjarr.tv\/sq\/wp-json\/wp\/v2\/categories?post=185103"},{"taxonomy":"post_tag","embeddable":true,"href":"https:\/\/zjarr.tv\/sq\/wp-json\/wp\/v2\/tags?post=185103"}],"curies":[{"name":"wp","href":"https:\/\/api.w.org\/{rel}","templated":true}]}}