{"id":185106,"date":"2021-05-28T08:01:11","date_gmt":"2021-05-28T06:01:11","guid":{"rendered":"https:\/\/zjarr.tv\/?p=185106"},"modified":"2021-05-28T08:01:11","modified_gmt":"2021-05-28T06:01:11","slug":"pd-nuk-eshte-call-center-agron-shehaj-per-deklaratat-e-gjekmarkajt-nuk-me-habit-e-injoroj","status":"publish","type":"post","link":"https:\/\/zjarr.tv\/sq\/pd-nuk-eshte-call-center-agron-shehaj-per-deklaratat-e-gjekmarkajt-nuk-me-habit-e-injoroj\/","title":{"rendered":"PD nuk \u00ebsht\u00eb Call-Center\/ Agron Shehaj p\u00ebr deklaratat e Gjekmarkajt: Nuk m\u00eb habit, e injoroj\u2026"},"content":{"rendered":"<p>Pak dit\u00eb m\u00eb par\u00eb, deputeti i sapozgjedhur i Partis\u00eb Demokratike, Agron Gjekmarkaj, i promovuar n\u00eb Parti nga Lulzim Basha, i \u00ebsht\u00eb kund\u00ebrv\u00ebn\u00eb kandidatit p\u00ebr kryetar t\u00eb partis\u00eb, Agron Shehaj. Ai deklaroi se Partia Demokratike, nuk \u00ebsht\u00eb \u201cnj\u00eb call-center\u201d, duke i\u2019u referuar me ironi bizneseve t\u00eb Shehajt.<\/p>\n<p>Mbr\u00ebmjen e djeshme, Shehaj gjat\u00eb nj\u00eb interviste televizive, \u00ebsht\u00eb pyetur lidhur me k\u00ebt\u00eb deklarat\u00eb. Ai tha se nuk \u00ebsht\u00eb aspak i habitur, por zgjedh ta injoroj\u00eb Gjekmarkajn.<\/p>\n<p>\u201cNuk m\u00eb habit dhe e injoroj. I ftoj t\u00eb gjith\u00eb ata q\u00eb mund t\u00eb ndihen t\u00eb fyer ta injorojn\u00eb gjithashtu\u201d, deklaroi Shehaj. Shehaj shpjegoi p\u00ebrse ka vendosur t\u00eb kandidoj\u00eb p\u00ebr kryetar t\u00eb Partis\u00eb Demokratike dhe p\u00ebrse ndryshimi i lidershipit, \u00ebsht\u00eb e vetmja m\u00ebnyr\u00eb p\u00ebr t\u00eb sjell\u00eb PD-n\u00eb n\u00eb pushtet. Shehaj tha se punoi shum\u00eb gjat\u00eb fushat\u00ebs, q\u00eb PD t\u00eb vinte n\u00eb pushtet dhe Basha t\u00eb b\u00ebhej Kryeminist\u00ebr, por deklaroi se puna e tij nuk u vler\u00ebsua.<\/p>\n<p>\u201c<em>Pas humbjes s\u00eb zgjedhjeve, duke patur parasysh reagimin dhe munges\u00ebn totale t\u00eb reflektimit, u binda q\u00eb me k\u00ebt\u00eb lidership n\u00eb krye, ne nuk mund t\u00eb fitojm\u00eb. Mendoj se \u00ebsht\u00eb detyra ime, si e \u00e7do demokrati, q\u00eb n\u00ebse \u00ebsht\u00eb i bindur q\u00eb k\u00ebshtu nuk fitohet, duhet ti futemi pun\u00ebs dhe t\u00eb k\u00ebrkojm\u00eb ndryshimin. <\/em><em>PD mund t\u00eb fitoj\u00eb vet\u00ebm n\u00ebse b\u00ebhet m\u00eb e fort\u00eb, n\u00ebse p\u00ebrfshijm\u00eb sa m\u00eb shum\u00eb njer\u00ebz t\u00eb aft\u00eb n\u00eb PD. Vet\u00ebm n\u00ebse list\u00ebn e kandidat\u00ebve e vendosin an\u00ebtar\u00ebt, jo duke th\u00ebn\u00eb k\u00eb nuk duan, por k\u00eb duan. Duke b\u00ebr\u00eb list\u00ebn e kandidat\u00ebve n\u00eb baz\u00eb t\u00eb votave q\u00eb kan\u00eb marr\u00eb nga an\u00ebtar\u00ebsia. Kjo e b\u00ebn PD-n\u00eb m\u00eb t\u00eb fort\u00eb. Vet\u00ebm an\u00ebtar\u00ebsia e di se kush \u00ebsht\u00eb i mir\u00eb p\u00ebr t\u00eb p\u00ebrfaq\u00ebsuar demokrat\u00ebt.<\/em><\/p>\n<p><em>Gjat\u00eb zgjedhjeve kam punuar me mish e me shpirt q\u00eb PD t\u00eb merrte pushtetin dhe Basha t\u00eb b\u00ebhej kryeminist\u00ebr. Puna ime n\u00eb vend t\u00eb vler\u00ebsohej, jo vet\u00ebm nuk u vler\u00ebsua, por u quajt si nj\u00eb pun\u00eb p\u00ebr vete dhe jo p\u00ebr partin\u00eb. Ti thuash deputet\u00ebve mos punoni, ose punoni p\u00ebr partin\u00eb por jo p\u00ebr vete, nuk e ka ndihmuar Partin\u00eb Demokratike<\/em>\u201c. Shehaj komentoi edhe faktin se gara p\u00ebr kryetar, nuk \u00ebsht\u00eb n\u00eb kushte t\u00eb barabarta dhe se listat e an\u00ebtar\u00ebsis\u00eb i posedon vet\u00ebm Lulzim Basha.<\/p>\n<p>\u201c<em>Gara nuk \u00ebsht\u00eb n\u00eb kushte t\u00eb barabarta. Vet\u00ebm \u00e7\u00ebshtja e listave e b\u00ebn gar\u00ebn jo t\u00eb barabart\u00eb. Jo vet\u00ebm kryetari aktual, por cdo kryetar i nj\u00eb partie, n\u00ebse humb zgjedhjet duhet t\u00eb jap\u00eb dor\u00ebheqjen dhe t\u00eb mos kandidoj\u00eb. <\/em><em>Nuk mund t\u00eb ket\u00eb gar\u00eb t\u00eb barabart\u00eb, kur list\u00ebn e ka vet\u00ebm nj\u00ebri nga kandidat\u00ebt. Basha \u00ebsht\u00eb i vetmi kandidat q\u00eb ka listat. <\/em><em>Duke u futur n\u00eb gar\u00eb ndaj kryetarit aktual, e forcon Partin\u00eb Demokratike, nuk jam kund\u00ebr k\u00ebsaj partie. Jam n\u00eb PD sot dhe do t\u00eb jem edhe nes\u00ebr. Un\u00eb do t\u00eb punoj p\u00ebr PD-n\u00eb, pavar\u00ebsisht rezultatit. Do t\u2019u sh\u00ebrbej demokrat\u00ebve, sot, nes\u00ebr dhe n\u00ebse fitojm\u00eb zgjedhjet, do t\u2019i sh\u00ebrbej shqiptar\u00ebve<\/em>\u201c, deklaroi Shehaj.<\/p>\n<p>&nbsp;<\/p>\n","protected":false},"excerpt":{"rendered":"<p>Pak dit\u00eb m\u00eb par\u00eb, deputeti i sapozgjedhur i Partis\u00eb Demokratike, Agron Gjekmarkaj, i promovuar n\u00eb Parti nga Lulzim Basha, i \u00ebsht\u00eb kund\u00ebrv\u00ebn\u00eb kandidatit p\u00ebr kryetar t\u00eb partis\u00eb, Agron Shehaj. Ai deklaroi se Partia Demokratike, nuk \u00ebsht\u00eb \u201cnj\u00eb call-center\u201d, duke i\u2019u referuar me ironi bizneseve t\u00eb Shehajt. Mbr\u00ebmjen e djeshme, Shehaj gjat\u00eb nj\u00eb interviste televizive, \u00ebsht\u00eb [&hellip;]<\/p>\n","protected":false},"author":2016,"featured_media":185108,"comment_status":"closed","ping_status":"closed","sticky":false,"template":"","format":"standard","meta":{"footnotes":""},"categories":[241,1454],"tags":[3353],"class_list":{"0":"post-185106","1":"post","2":"type-post","3":"status-publish","4":"format-standard","5":"has-post-thumbnail","7":"category-aktualitet","8":"category-politike","9":"tag-lajme-zjarr-shehaj-per-gjekmarkajn-e-injoroj-zjarr-tv"},"_links":{"self":[{"href":"https:\/\/zjarr.tv\/sq\/wp-json\/wp\/v2\/posts\/185106","targetHints":{"allow":["GET"]}}],"collection":[{"href":"https:\/\/zjarr.tv\/sq\/wp-json\/wp\/v2\/posts"}],"about":[{"href":"https:\/\/zjarr.tv\/sq\/wp-json\/wp\/v2\/types\/post"}],"author":[{"embeddable":true,"href":"https:\/\/zjarr.tv\/sq\/wp-json\/wp\/v2\/users\/2016"}],"replies":[{"embeddable":true,"href":"https:\/\/zjarr.tv\/sq\/wp-json\/wp\/v2\/comments?post=185106"}],"version-history":[{"count":0,"href":"https:\/\/zjarr.tv\/sq\/wp-json\/wp\/v2\/posts\/185106\/revisions"}],"wp:featuredmedia":[{"embeddable":true,"href":"https:\/\/zjarr.tv\/sq\/wp-json\/wp\/v2\/media\/185108"}],"wp:attachment":[{"href":"https:\/\/zjarr.tv\/sq\/wp-json\/wp\/v2\/media?parent=185106"}],"wp:term":[{"taxonomy":"category","embeddable":true,"href":"https:\/\/zjarr.tv\/sq\/wp-json\/wp\/v2\/categories?post=185106"},{"taxonomy":"post_tag","embeddable":true,"href":"https:\/\/zjarr.tv\/sq\/wp-json\/wp\/v2\/tags?post=185106"}],"curies":[{"name":"wp","href":"https:\/\/api.w.org\/{rel}","templated":true}]}}