{"id":185112,"date":"2021-05-28T08:13:41","date_gmt":"2021-05-28T06:13:41","guid":{"rendered":"https:\/\/zjarr.tv\/?p=185112"},"modified":"2021-05-28T08:13:41","modified_gmt":"2021-05-28T06:13:41","slug":"trondit-bujar-nishani-lulzim-basha-e-dinte-per-sali-berishen","status":"publish","type":"post","link":"https:\/\/zjarr.tv\/sq\/trondit-bujar-nishani-lulzim-basha-e-dinte-per-sali-berishen\/","title":{"rendered":"Trondit Bujar Nishani: Lulzim Basha e dinte p\u00ebr Sali Berish\u00ebn\u2026"},"content":{"rendered":"<p><em>\u201cKryedemokrati Lulzim Basha e dinte se Berisha do t\u00eb shpallej non grata\u201d<\/em>, kjo ishte deklarata e fort\u00eb e Bujar Nishanit. Sipas tij, ky informacion ishte dhe vendimi p\u00ebr ta afruar dat\u00ebn e Zgjedhjeve.<\/p>\n<p><strong style=\"font-style: inherit;\">Deklarata e Nishanit:<\/strong><\/p>\n<p><em style=\"font-weight: inherit;\"> \u201cLulzim Basha e dinte se Berisha do t\u00eb shpallej \u201cnon grata\u201d. Kjo \u00e7\u00ebshtje ka krijuar nj\u00eb lloj shoku politik brenda PD-s\u00eb, sepse Berisha \u00ebsht\u00eb themeluesi dhe lideri historik. Jam i bindur q\u00eb Basha ka afruar dat\u00ebn e zgjedhjeve sepse ka patur dijeni p\u00ebr shpalljen \u201cnon grata\u201d t\u00eb Berish\u00ebs\u201d,<\/em>\u00a0shprehet Nishani n\u00eb \u201cFrontline\u201d.<\/p>\n","protected":false},"excerpt":{"rendered":"<p>\u201cKryedemokrati Lulzim Basha e dinte se Berisha do t\u00eb shpallej non grata\u201d, kjo ishte deklarata e fort\u00eb e Bujar Nishanit. Sipas tij, ky informacion ishte dhe vendimi p\u00ebr ta afruar dat\u00ebn e Zgjedhjeve. Deklarata e Nishanit: \u201cLulzim Basha e dinte se Berisha do t\u00eb shpallej \u201cnon grata\u201d. Kjo \u00e7\u00ebshtje ka krijuar nj\u00eb lloj shoku politik [&hellip;]<\/p>\n","protected":false},"author":2016,"featured_media":185114,"comment_status":"closed","ping_status":"closed","sticky":false,"template":"","format":"standard","meta":{"footnotes":""},"categories":[241,1454],"tags":[3355],"class_list":{"0":"post-185112","1":"post","2":"type-post","3":"status-publish","4":"format-standard","5":"has-post-thumbnail","7":"category-aktualitet","8":"category-politike","9":"tag-lajme-zjarr-basha-e-dinte-per-sali-berishen-zjarr-tv"},"_links":{"self":[{"href":"https:\/\/zjarr.tv\/sq\/wp-json\/wp\/v2\/posts\/185112","targetHints":{"allow":["GET"]}}],"collection":[{"href":"https:\/\/zjarr.tv\/sq\/wp-json\/wp\/v2\/posts"}],"about":[{"href":"https:\/\/zjarr.tv\/sq\/wp-json\/wp\/v2\/types\/post"}],"author":[{"embeddable":true,"href":"https:\/\/zjarr.tv\/sq\/wp-json\/wp\/v2\/users\/2016"}],"replies":[{"embeddable":true,"href":"https:\/\/zjarr.tv\/sq\/wp-json\/wp\/v2\/comments?post=185112"}],"version-history":[{"count":0,"href":"https:\/\/zjarr.tv\/sq\/wp-json\/wp\/v2\/posts\/185112\/revisions"}],"wp:featuredmedia":[{"embeddable":true,"href":"https:\/\/zjarr.tv\/sq\/wp-json\/wp\/v2\/media\/185114"}],"wp:attachment":[{"href":"https:\/\/zjarr.tv\/sq\/wp-json\/wp\/v2\/media?parent=185112"}],"wp:term":[{"taxonomy":"category","embeddable":true,"href":"https:\/\/zjarr.tv\/sq\/wp-json\/wp\/v2\/categories?post=185112"},{"taxonomy":"post_tag","embeddable":true,"href":"https:\/\/zjarr.tv\/sq\/wp-json\/wp\/v2\/tags?post=185112"}],"curies":[{"name":"wp","href":"https:\/\/api.w.org\/{rel}","templated":true}]}}