{"id":185118,"date":"2021-05-28T08:38:00","date_gmt":"2021-05-28T06:38:00","guid":{"rendered":"https:\/\/zjarr.tv\/?p=185118"},"modified":"2021-05-28T08:38:00","modified_gmt":"2021-05-28T06:38:00","slug":"basha-i-kunderpergjigjet-bujar-nishanit-hedh-poshte-me-neveri-shpifjen","status":"publish","type":"post","link":"https:\/\/zjarr.tv\/sq\/basha-i-kunderpergjigjet-bujar-nishanit-hedh-poshte-me-neveri-shpifjen\/","title":{"rendered":"Basha i kund\u00ebrp\u00ebrgjigjet Bujar Nishanit: Hedh posht\u00eb me neveri shpifjen\u2026"},"content":{"rendered":"<p>Kryetari i Partis\u00eb Demokratike, Lulzim Basha, i \u00ebsht\u00eb kund\u00ebrp\u00ebrgjigjur deklarat\u00ebs s\u00eb ish-presidentit Bujar Nishani, se ka pasur dijeni p\u00ebr shpalljen \u201cnon grata\u201d t\u00eb Sali Berish\u00ebs. Kreu demokrat, shkruan se inati dhe mllefi personal duhet q\u00eb t\u00eb ken\u00eb kufi, ndaj hedh posht\u00eb duke e cil\u00ebsuar shpifje pretendimin e tij Nishanit.<\/p>\n<p>Nd\u00ebr t\u00eb tjera, kryedemokrati shkruan se shpallja e Berish\u00ebs \u201cnon grata\u201d nga Departamenti i Shtetit, ishte \u00e7\u00ebshtje q\u00eb kishte pasur impakt t\u00eb fort\u00eb n\u00eb PD.<\/p>\n<p><strong style=\"font-style: inherit;\">Deklarata e Bash\u00ebs:<\/strong><\/p>\n<p><em style=\"font-weight: inherit;\"> \u201cE kam nisur fushat\u00ebn p\u00ebr zgjedhjet brenda partis\u00eb me bindjen se nga kjo gar\u00eb duhet t\u00eb dalim me t\u00eb fort\u00eb dhe m\u00eb t\u00eb bashkuar. Kam refuzuar reagimet q\u00eb nxisin p\u00ebr\u00e7arje edhe pse \u00e7do dit\u00eb ndaj meje jan\u00eb hedhur sulme personale dhe politike t\u00eb pav\u00ebrteta dhe t\u00eb padrejta. Por \u00e7do gj\u00eb e ka nj\u00eb limit. Ndaj sot hedh posht\u00eb me neveri shpifjen e ul\u00ebt t\u00eb Bujar Nishanit. Inati e mllefi personal e ka nj\u00eb limit. Por sot ai limit \u00ebsht\u00eb kaluar, sepse lidhet me nj\u00eb \u00e7\u00ebshtje q\u00eb ka prekur thell\u00eb jo nj\u00eb individ, jo Sali Berish\u00ebn por gjith\u00eb partin\u00eb ton\u00eb. K\u00ebto shpifje t\u00eb ul\u00ebta i sh\u00ebrbejn\u00eb vet\u00ebm atyre q\u00eb b\u00ebjn\u00eb gjith\u00e7ka t\u00eb p\u00ebr\u00e7ajn\u00eb Partin\u00eb Demokratike. Dhe un\u00eb k\u00ebt\u00eb nuk do ta lejoj,\u201d-<\/em>shkruan Basha.<\/p>\n<p>&nbsp;<\/p>\n<p>&nbsp;<\/p>\n<p>&nbsp;<\/p>\n<p>&nbsp;<\/p>\n","protected":false},"excerpt":{"rendered":"<p>Kryetari i Partis\u00eb Demokratike, Lulzim Basha, i \u00ebsht\u00eb kund\u00ebrp\u00ebrgjigjur deklarat\u00ebs s\u00eb ish-presidentit Bujar Nishani, se ka pasur dijeni p\u00ebr shpalljen \u201cnon grata\u201d t\u00eb Sali Berish\u00ebs. Kreu demokrat, shkruan se inati dhe mllefi personal duhet q\u00eb t\u00eb ken\u00eb kufi, ndaj hedh posht\u00eb duke e cil\u00ebsuar shpifje pretendimin e tij Nishanit. Nd\u00ebr t\u00eb tjera, kryedemokrati shkruan se [&hellip;]<\/p>\n","protected":false},"author":2016,"featured_media":185120,"comment_status":"closed","ping_status":"closed","sticky":false,"template":"","format":"standard","meta":{"footnotes":""},"categories":[241],"tags":[3357],"class_list":{"0":"post-185118","1":"post","2":"type-post","3":"status-publish","4":"format-standard","5":"has-post-thumbnail","7":"category-aktualitet","8":"tag-lajme-zjarr-basha-i-kunderpergjigjet-bujar-nishanit-zjarr-tv"},"_links":{"self":[{"href":"https:\/\/zjarr.tv\/sq\/wp-json\/wp\/v2\/posts\/185118","targetHints":{"allow":["GET"]}}],"collection":[{"href":"https:\/\/zjarr.tv\/sq\/wp-json\/wp\/v2\/posts"}],"about":[{"href":"https:\/\/zjarr.tv\/sq\/wp-json\/wp\/v2\/types\/post"}],"author":[{"embeddable":true,"href":"https:\/\/zjarr.tv\/sq\/wp-json\/wp\/v2\/users\/2016"}],"replies":[{"embeddable":true,"href":"https:\/\/zjarr.tv\/sq\/wp-json\/wp\/v2\/comments?post=185118"}],"version-history":[{"count":0,"href":"https:\/\/zjarr.tv\/sq\/wp-json\/wp\/v2\/posts\/185118\/revisions"}],"wp:featuredmedia":[{"embeddable":true,"href":"https:\/\/zjarr.tv\/sq\/wp-json\/wp\/v2\/media\/185120"}],"wp:attachment":[{"href":"https:\/\/zjarr.tv\/sq\/wp-json\/wp\/v2\/media?parent=185118"}],"wp:term":[{"taxonomy":"category","embeddable":true,"href":"https:\/\/zjarr.tv\/sq\/wp-json\/wp\/v2\/categories?post=185118"},{"taxonomy":"post_tag","embeddable":true,"href":"https:\/\/zjarr.tv\/sq\/wp-json\/wp\/v2\/tags?post=185118"}],"curies":[{"name":"wp","href":"https:\/\/api.w.org\/{rel}","templated":true}]}}