{"id":185670,"date":"2021-05-31T12:42:52","date_gmt":"2021-05-31T10:42:52","guid":{"rendered":"https:\/\/zjarr.tv\/?p=185670"},"modified":"2021-05-31T12:42:52","modified_gmt":"2021-05-31T10:42:52","slug":"caktimi-i-seances-per-shkarkimin-e-metes-flet-taulant-balla-nisma-nuk-ishte-per-te-marre-presidencen-por-per-ta-cliruar-ate-nga","status":"publish","type":"post","link":"https:\/\/zjarr.tv\/sq\/caktimi-i-seances-per-shkarkimin-e-metes-flet-taulant-balla-nisma-nuk-ishte-per-te-marre-presidencen-por-per-ta-cliruar-ate-nga\/","title":{"rendered":"Caktimi i seanc\u00ebs p\u00ebr shkarkimin e Met\u00ebs\/ Flet Taulant Balla: Nisma nuk ishte p\u00ebr t\u00eb marr\u00eb Presidenc\u00ebn, por p\u00ebr ta \u00e7liruar at\u00eb nga\u2026"},"content":{"rendered":"<p><strong>Reagimi:<\/strong><\/p>\n<p>Kemi dakord\u00ebsuar me kryetar\u00ebt e tjer\u00eb t\u00eb grupeve parlamentare p\u00ebr koh\u00ebn e diskutimit dhe p\u00ebr t\u00eb vijuar procedurat e shkarkimit. \u00cbsht\u00eb kushtetuta ajo q\u00eb p\u00ebrcakton si procedohet.<\/p>\n<p>Sa besim keni te GJK q\u00eb do ju mb\u00ebshtes\u00eb? Kjo nuk ka t\u00eb b\u00ebj\u00eb me mua dhe as me kuvendin. Kushtetuta \u00ebsht\u00eb e qart\u00eb q\u00eb kuvendi e p\u00ebrfundon procedur\u00ebn e tij me 9 Qershor. Pas dat\u00ebs 9 Qershor, \u00ebsht\u00eb GJK q\u00eb do vler\u00ebsoj\u00eb n\u00ebse shkeljet e konstatuara nga ne jan\u00eb t\u00eb r\u00ebnda p\u00ebr shkarkim apo jo. Nuk do t\u00eb b\u00ebj asnj\u00eb koment p\u00ebr k\u00ebt\u00eb \u00e7\u00ebshtje, deri n\u00eb momentin kur t\u00eb shprehet GJK. Na \u00ebsht\u00eb dashur shum\u00eb pun\u00eb t\u00eb kemi nj\u00eb GJK funksionale pas vetingut. Shpresoj q\u00eb t\u00eb plot\u00ebsohen t\u00eb gjitha vakancat e GJk-s\u00eb. T\u00eb gjith\u00eb jeni njohur me vendimet e GJK si\u00e7 ishte ai p\u00ebr ministrin. GJK ishte e qart\u00eb q\u00eb \u00ebsht\u00eb kvendi q\u00eb duhet t\u00eb shprehet p\u00ebr dekret. \u00cbsht\u00eb e drejt\u00eb e Kryeministrit q\u00eb propozon, Presidenti ka t\u00eb drejt\u00eb t\u00eb verifikoj\u00eb, por n\u00eb fund vendos kuvendi me vot\u00eb.<\/p>\n<p>N\u00eb shtator n\u00ebse n\u00ebse GJK nuk \u00ebsht\u00eb shprehur? Kushtetuta \u00ebsht\u00eb libri i detyruesh\u00ebm p\u00ebr t\u2019u zbatuar nga gjithkush. Ju e dini q\u00eb Presidenti n\u00eb fund t\u00eb muajit gusht, \u00ebsht\u00eb i detyruar t\u00eb thirr\u00eb seanc\u00ebn e par\u00eb t\u00eb Kuvendit. N\u00eb vler\u00ebsimin tim kuvendi mblidhet n\u00eb dat\u00eb 9 shtator. Besoj q\u00eb ju jeni n\u00eb dijeni q\u00eb PS po vazhdon procesin e vet\u00eb t\u00eb p\u00ebrgatitjes p\u00ebr k\u00ebt\u00eb mandat t\u00eb ri. Do thirrim asamblen\u00eb brenda k\u00ebsaj jave<\/p>\n<p>PS nuk e ka nisur procedur\u00ebn p\u00ebr shkarkimin e Met\u00ebs p\u00ebr t\u00eb pasur nj\u00eb p\u00ebrfaq\u00ebsues t\u00eb vetin n\u00eb Presidenc\u00eb. Iniciativa p\u00ebr shkarkimin e Presidentit ka ardhur si nevoj\u00eb p\u00ebr t\u00eb \u00e7liruar Presidenc\u00ebn nga nj\u00eb pengmarrje dhe nj\u00eb abzim me detyr\u00ebn. Natyrsh\u00ebm q\u00eb procedura p\u00ebr zgjedhjen e Presidentit t\u00eb ri, k\u00ebrkon koh\u00ebn e vet dhe pse jo t\u00eb jet\u00eb pjes\u00eb e diskutimit me opozit\u00ebn e re.<\/p>\n","protected":false},"excerpt":{"rendered":"<p>Reagimi: Kemi dakord\u00ebsuar me kryetar\u00ebt e tjer\u00eb t\u00eb grupeve parlamentare p\u00ebr koh\u00ebn e diskutimit dhe p\u00ebr t\u00eb vijuar procedurat e shkarkimit. \u00cbsht\u00eb kushtetuta ajo q\u00eb p\u00ebrcakton si procedohet. Sa besim keni te GJK q\u00eb do ju mb\u00ebshtes\u00eb? Kjo nuk ka t\u00eb b\u00ebj\u00eb me mua dhe as me kuvendin. Kushtetuta \u00ebsht\u00eb e qart\u00eb q\u00eb kuvendi e [&hellip;]<\/p>\n","protected":false},"author":2016,"featured_media":185672,"comment_status":"closed","ping_status":"closed","sticky":false,"template":"","format":"standard","meta":{"footnotes":""},"categories":[241],"tags":[3422],"class_list":{"0":"post-185670","1":"post","2":"type-post","3":"status-publish","4":"format-standard","5":"has-post-thumbnail","7":"category-aktualitet","8":"tag-lajme-zjarr-shkarkimi-i-metes-flet-balla-zjarr-tv"},"_links":{"self":[{"href":"https:\/\/zjarr.tv\/sq\/wp-json\/wp\/v2\/posts\/185670","targetHints":{"allow":["GET"]}}],"collection":[{"href":"https:\/\/zjarr.tv\/sq\/wp-json\/wp\/v2\/posts"}],"about":[{"href":"https:\/\/zjarr.tv\/sq\/wp-json\/wp\/v2\/types\/post"}],"author":[{"embeddable":true,"href":"https:\/\/zjarr.tv\/sq\/wp-json\/wp\/v2\/users\/2016"}],"replies":[{"embeddable":true,"href":"https:\/\/zjarr.tv\/sq\/wp-json\/wp\/v2\/comments?post=185670"}],"version-history":[{"count":0,"href":"https:\/\/zjarr.tv\/sq\/wp-json\/wp\/v2\/posts\/185670\/revisions"}],"wp:featuredmedia":[{"embeddable":true,"href":"https:\/\/zjarr.tv\/sq\/wp-json\/wp\/v2\/media\/185672"}],"wp:attachment":[{"href":"https:\/\/zjarr.tv\/sq\/wp-json\/wp\/v2\/media?parent=185670"}],"wp:term":[{"taxonomy":"category","embeddable":true,"href":"https:\/\/zjarr.tv\/sq\/wp-json\/wp\/v2\/categories?post=185670"},{"taxonomy":"post_tag","embeddable":true,"href":"https:\/\/zjarr.tv\/sq\/wp-json\/wp\/v2\/tags?post=185670"}],"curies":[{"name":"wp","href":"https:\/\/api.w.org\/{rel}","templated":true}]}}