{"id":185821,"date":"2021-06-01T10:52:52","date_gmt":"2021-06-01T08:52:52","guid":{"rendered":"https:\/\/zjarr.tv\/?p=185821"},"modified":"2021-06-01T10:52:52","modified_gmt":"2021-06-01T08:52:52","slug":"artan-hoxha-zbulon-se-cfare-i-kerkoi-kryeministri-rama-kur-erdhi-ne-pushtet","status":"publish","type":"post","link":"https:\/\/zjarr.tv\/sq\/artan-hoxha-zbulon-se-cfare-i-kerkoi-kryeministri-rama-kur-erdhi-ne-pushtet\/","title":{"rendered":"Artan Hoxha zbulon se \u00e7far\u00eb i k\u00ebrkoi Kryeministri Rama, kur erdhi n\u00eb pushtet\u2026"},"content":{"rendered":"<p>Gazetari investigativ Artan Hoxha, ka komentuar rikthimin e \u00e7\u00ebshtjes s\u00eb 21 janarit n\u00eb prokurori, ku humb\u00ebn jet\u00ebn kat\u00ebr protestues.<\/p>\n<p>Ai u shpreh se Partia Socialiste, e kishte kontaktuar kur kishte ardhur n\u00eb pushtet dhe i kishte k\u00ebrkuar t\u00eb dh\u00ebna p\u00ebr drejtuesit q\u00eb kan\u00eb qen\u00eb n\u00eb krye t\u00eb detyr\u00ebs, n\u00eb koh\u00ebn e PD-s\u00eb dhe q\u00eb ishin ende n\u00eb detyr\u00eb.<\/p>\n<p><em style=\"font-weight: inherit;\"> \u201cN\u00eb t\u00eb tre rastet e hetimeve, un\u00eb jam interesuar vet\u00eb dhe kam d\u00ebrguar pamje n\u00eb lidhje me ato q\u00eb un\u00eb kisha, sapo PS-ja ka ardhur n\u00eb pushtet m\u00eb kan\u00eb k\u00ebrkuar t\u00eb dh\u00ebna p\u00ebr drejtuesit q\u00eb kan\u00eb qen\u00eb n\u00eb krye t\u00eb detyr\u00ebs n\u00eb koh\u00ebn e PD-s\u00eb dhe vijonin t\u00eb ishin s\u00ebrish n\u00eb krye t\u00eb detyr\u00ebs, menj\u00ebher\u00eb sapo kuptova nj\u00eb gj\u00eb t\u00eb till\u00eb un\u00eb heshta, se mua m\u00eb interesonte q\u00eb t\u00eb zbardhej ngjarje\u201d,<\/em>\u00a0\u2013 tha Artan Hoxha.<\/p>\n","protected":false},"excerpt":{"rendered":"<p>Gazetari investigativ Artan Hoxha, ka komentuar rikthimin e \u00e7\u00ebshtjes s\u00eb 21 janarit n\u00eb prokurori, ku humb\u00ebn jet\u00ebn kat\u00ebr protestues. Ai u shpreh se Partia Socialiste, e kishte kontaktuar kur kishte ardhur n\u00eb pushtet dhe i kishte k\u00ebrkuar t\u00eb dh\u00ebna p\u00ebr drejtuesit q\u00eb kan\u00eb qen\u00eb n\u00eb krye t\u00eb detyr\u00ebs, n\u00eb koh\u00ebn e PD-s\u00eb dhe q\u00eb ishin [&hellip;]<\/p>\n","protected":false},"author":2016,"featured_media":185823,"comment_status":"closed","ping_status":"closed","sticky":false,"template":"","format":"standard","meta":{"footnotes":""},"categories":[241],"tags":[1455],"class_list":{"0":"post-185821","1":"post","2":"type-post","3":"status-publish","4":"format-standard","5":"has-post-thumbnail","7":"category-aktualitet","8":"tag-lajme-zjarr-flet-artan-hoxha-zjarr-tv"},"_links":{"self":[{"href":"https:\/\/zjarr.tv\/sq\/wp-json\/wp\/v2\/posts\/185821","targetHints":{"allow":["GET"]}}],"collection":[{"href":"https:\/\/zjarr.tv\/sq\/wp-json\/wp\/v2\/posts"}],"about":[{"href":"https:\/\/zjarr.tv\/sq\/wp-json\/wp\/v2\/types\/post"}],"author":[{"embeddable":true,"href":"https:\/\/zjarr.tv\/sq\/wp-json\/wp\/v2\/users\/2016"}],"replies":[{"embeddable":true,"href":"https:\/\/zjarr.tv\/sq\/wp-json\/wp\/v2\/comments?post=185821"}],"version-history":[{"count":0,"href":"https:\/\/zjarr.tv\/sq\/wp-json\/wp\/v2\/posts\/185821\/revisions"}],"wp:featuredmedia":[{"embeddable":true,"href":"https:\/\/zjarr.tv\/sq\/wp-json\/wp\/v2\/media\/185823"}],"wp:attachment":[{"href":"https:\/\/zjarr.tv\/sq\/wp-json\/wp\/v2\/media?parent=185821"}],"wp:term":[{"taxonomy":"category","embeddable":true,"href":"https:\/\/zjarr.tv\/sq\/wp-json\/wp\/v2\/categories?post=185821"},{"taxonomy":"post_tag","embeddable":true,"href":"https:\/\/zjarr.tv\/sq\/wp-json\/wp\/v2\/tags?post=185821"}],"curies":[{"name":"wp","href":"https:\/\/api.w.org\/{rel}","templated":true}]}}