{"id":185838,"date":"2021-06-01T12:08:46","date_gmt":"2021-06-01T10:08:46","guid":{"rendered":"https:\/\/zjarr.tv\/?p=185838"},"modified":"2021-06-01T12:08:46","modified_gmt":"2021-06-01T10:08:46","slug":"deklarata-e-avokatit-femra-po-su-tund-seshte-femer-po-leri-ato-tashi-po-nuk-eshte-mashkull-ajo","status":"publish","type":"post","link":"https:\/\/zjarr.tv\/sq\/deklarata-e-avokatit-femra-po-su-tund-seshte-femer-po-leri-ato-tashi-po-nuk-eshte-mashkull-ajo\/","title":{"rendered":"Deklarata e avokatit: Femra po s\u2019u tund s\u2019\u00ebsht\u00eb fem\u00ebr, po l\u00ebri ato tashi, po nuk \u00ebsht\u00eb mashkull ajo\u2026"},"content":{"rendered":"<p>Vishaj tha se sipas tij, nj\u00eb fem\u00ebr duhet t\u00eb tundet sepse n\u00ebse kjo gj\u00eb nuk ndodh, nuk quhet fem\u00ebr.<\/p>\n<p><em>\u201cFemra po s\u2019u tund nj\u00eb\u00e7ik\u00eb s\u2019\u00ebsht\u00eb fem\u00ebr. Po l\u00ebri ato tashi. Nuk \u00ebsht\u00eb mashkull ajo tani\u201c-<\/em>\u00a0tha Vishaj, teksa komentonte n\u00eb studio.<\/p>\n<p>Deklarata e Vishajt \u00ebsht\u00eb b\u00ebr\u00eb virale n\u00eb rrjet, nd\u00ebrsa u kund\u00ebrshtua nga gazetaret e pranishme n\u00eb panelin televiziv. Nga ana tjet\u00ebr, duke l\u00ebn\u00eb t\u00eb kuptohet se kjo video mund t\u00eb jet\u00eb edhe nj\u00eb lloj presioni p\u00ebr \u00e7\u00ebshtjet q\u00eb avokatja ka n\u00eb dor\u00eb, Visha u shpreh se Kapedani duhet t\u00eb dor\u00ebhiqet n\u00eb m\u00ebnyr\u00eb q\u00eb ky imazh t\u00eb mos ndikoj\u00eb n\u00eb vendimarrjen e saj.<\/p>\n<p><em>\u201cDuhet te jap\u00eb dor\u00ebheqje p\u00ebr t\u2019ju n\u00ebnshtruar hetimit dispilinor nga KLGJ, pa u ndikuar nga funksioni i saj. N\u00ebse gjyqtarja ka nj\u00eb \u00e7\u00ebshtje t\u00eb r\u00ebnd\u00ebsishme duhet ta ruajm\u00eb derisa t\u00eb jap\u00eb nj\u00eb vendim. N\u00ebse kjo gjyqtare ka dosje t\u00eb nxehta n\u00eb duar p\u00ebr rrethin e Elbasanit ajo duhet t\u00eb ngrij\u00eb vendimarrjen dhe t\u00eb jap\u00eb dor\u00ebheqje n\u00eb m\u00ebnyr\u00eb q\u00eb kjo figur\u00eb sot t\u00eb mos ndikoj\u00eb n\u00eb vendimarrjen e saj\u201d,<\/em>\u00a0u shpreh Visha duke b\u00ebr\u00eb apel q\u00eb \u00e7\u00ebshtja t\u00eb zbardhet.<\/p>\n<p>Gjyqtarja Kapedani u b\u00eb hit gjat\u00eb dit\u00ebs s\u00eb djeshme n\u00eb mediat sociale, p\u00ebr shkak t\u00eb publikimit t\u00eb videove t\u00eb saj n\u00eb Tik-Tok, ku ajo shihej duke k\u00ebrcyer dhe k\u00ebnduar n\u00eb m\u00ebnyr\u00eb provokuese.<\/p>\n","protected":false},"excerpt":{"rendered":"<p>Vishaj tha se sipas tij, nj\u00eb fem\u00ebr duhet t\u00eb tundet sepse n\u00ebse kjo gj\u00eb nuk ndodh, nuk quhet fem\u00ebr. \u201cFemra po s\u2019u tund nj\u00eb\u00e7ik\u00eb s\u2019\u00ebsht\u00eb fem\u00ebr. Po l\u00ebri ato tashi. Nuk \u00ebsht\u00eb mashkull ajo tani\u201c-\u00a0tha Vishaj, teksa komentonte n\u00eb studio. Deklarata e Vishajt \u00ebsht\u00eb b\u00ebr\u00eb virale n\u00eb rrjet, nd\u00ebrsa u kund\u00ebrshtua nga gazetaret e pranishme [&hellip;]<\/p>\n","protected":false},"author":2016,"featured_media":185842,"comment_status":"closed","ping_status":"closed","sticky":false,"template":"","format":"standard","meta":{"footnotes":""},"categories":[241],"tags":[3447],"class_list":{"0":"post-185838","1":"post","2":"type-post","3":"status-publish","4":"format-standard","5":"has-post-thumbnail","7":"category-aktualitet","8":"tag-lajme-zjarr-deklarata-e-avokatit-zjarr-tv"},"_links":{"self":[{"href":"https:\/\/zjarr.tv\/sq\/wp-json\/wp\/v2\/posts\/185838","targetHints":{"allow":["GET"]}}],"collection":[{"href":"https:\/\/zjarr.tv\/sq\/wp-json\/wp\/v2\/posts"}],"about":[{"href":"https:\/\/zjarr.tv\/sq\/wp-json\/wp\/v2\/types\/post"}],"author":[{"embeddable":true,"href":"https:\/\/zjarr.tv\/sq\/wp-json\/wp\/v2\/users\/2016"}],"replies":[{"embeddable":true,"href":"https:\/\/zjarr.tv\/sq\/wp-json\/wp\/v2\/comments?post=185838"}],"version-history":[{"count":0,"href":"https:\/\/zjarr.tv\/sq\/wp-json\/wp\/v2\/posts\/185838\/revisions"}],"wp:featuredmedia":[{"embeddable":true,"href":"https:\/\/zjarr.tv\/sq\/wp-json\/wp\/v2\/media\/185842"}],"wp:attachment":[{"href":"https:\/\/zjarr.tv\/sq\/wp-json\/wp\/v2\/media?parent=185838"}],"wp:term":[{"taxonomy":"category","embeddable":true,"href":"https:\/\/zjarr.tv\/sq\/wp-json\/wp\/v2\/categories?post=185838"},{"taxonomy":"post_tag","embeddable":true,"href":"https:\/\/zjarr.tv\/sq\/wp-json\/wp\/v2\/tags?post=185838"}],"curies":[{"name":"wp","href":"https:\/\/api.w.org\/{rel}","templated":true}]}}