{"id":185839,"date":"2021-06-01T12:09:28","date_gmt":"2021-06-01T10:09:28","guid":{"rendered":"https:\/\/zjarr.tv\/?p=185839"},"modified":"2021-06-01T12:09:28","modified_gmt":"2021-06-01T10:09:28","slug":"kanali-i-suezit-po-zgjerohet-nis-projekti-pak-muaj-pas-bllokimit-te-anijes-ever-given","status":"publish","type":"post","link":"https:\/\/zjarr.tv\/sq\/kanali-i-suezit-po-zgjerohet-nis-projekti-pak-muaj-pas-bllokimit-te-anijes-ever-given\/","title":{"rendered":"Kanali i Suezit po zgjerohet, nis projekti pak muaj pas bllokimit t\u00eb anijes \u201cEver Given\u201d"},"content":{"rendered":"<p style=\"background: white; margin: 0in 0in 19.5pt 0in;\">N\u00eb muajin mars anija tregtare \u201cEver Given\u201d, u p\u00ebrplas n\u00eb Kanalin e Suezit, duke bllokuar p\u00ebr gjasht\u00eb dit\u00eb kalimin e anijeve t\u00eb tjera.<\/p>\n<p style=\"background: white; -webkit-tap-highlight-color: transparent !important; box-sizing: border-box; overflow-wrap: break-word; font-variant-ligatures: normal; font-variant-caps: normal; orphans: 2; widows: 2; -webkit-text-stroke-width: 0px; text-decoration-thickness: initial; text-decoration-style: initial; text-decoration-color: initial; word-spacing: 0px; margin: 0in 0in 19.5pt 0in;\">Gjat\u00eb nj\u00eb p\u00ebrpjekje p\u00ebr t\u00eb shmangur nj\u00eb p\u00ebrs\u00ebritje t\u00eb ngjarjes, Autoriteti i Kanalit t\u00eb Suezit (SCA) njoftoi se kishte filluar pun\u00ebn e pastrimit p\u00ebr t\u00eb zgjeruar dhe thelluar pjes\u00ebn jugore t\u00eb kanalit, ku mbeti e bllokuar \u201cEver Given\u201d.<\/p>\n<p style=\"background: white; -webkit-tap-highlight-color: transparent !important; box-sizing: border-box; overflow-wrap: break-word; font-variant-ligatures: normal; font-variant-caps: normal; orphans: 2; widows: 2; -webkit-text-stroke-width: 0px; text-decoration-thickness: initial; text-decoration-style: initial; text-decoration-color: initial; word-spacing: 0px; margin: 0in 0in 19.5pt 0in;\">Zona e gjat\u00eb 30 kilometra do t\u00eb zgjerohet me 40 metra n\u00eb lindje dhe do t\u00eb thellohet n\u00eb 72 metra, nga 66 metra q\u00eb \u00ebsht\u00eb akutualisht, sipas SCA.<\/p>\n<p style=\"background: white; -webkit-tap-highlight-color: transparent !important; box-sizing: border-box; overflow-wrap: break-word; font-variant-ligatures: normal; font-variant-caps: normal; orphans: 2; widows: 2; -webkit-text-stroke-width: 0px; text-decoration-thickness: initial; text-decoration-style: initial; text-decoration-color: initial; word-spacing: 0px; margin: 0in 0in 19.5pt 0in;\">Ky plan ka p\u00ebr q\u00ebllim \u201cshmangien e bllokimit t\u00eb anijeve, shkurtimin e koh\u00ebs s\u00eb lundrimit t\u00eb tyre, si dhe ngritjen e siguris\u00eb s\u00eb lundrimit,\u201d tha p\u00ebr shtyp nj\u00eb zyrtar i SCA.<\/p>\n","protected":false},"excerpt":{"rendered":"<p>N\u00eb muajin mars anija tregtare \u201cEver Given\u201d, u p\u00ebrplas n\u00eb Kanalin e Suezit, duke bllokuar p\u00ebr gjasht\u00eb dit\u00eb kalimin e anijeve t\u00eb tjera. Gjat\u00eb nj\u00eb p\u00ebrpjekje p\u00ebr t\u00eb shmangur nj\u00eb p\u00ebrs\u00ebritje t\u00eb ngjarjes, Autoriteti i Kanalit t\u00eb Suezit (SCA) njoftoi se kishte filluar pun\u00ebn e pastrimit p\u00ebr t\u00eb zgjeruar dhe thelluar pjes\u00ebn jugore t\u00eb kanalit, [&hellip;]<\/p>\n","protected":false},"author":2030,"featured_media":185840,"comment_status":"closed","ping_status":"closed","sticky":false,"template":"","format":"standard","meta":{"footnotes":""},"categories":[241,191],"tags":[3449,451,3448,329],"class_list":{"0":"post-185839","1":"post","2":"type-post","3":"status-publish","4":"format-standard","5":"has-post-thumbnail","7":"category-aktualitet","8":"category-bota","9":"tag-kanali-i-suezit","10":"tag-lajme-zjarr","11":"tag-nis-projekti-pak-muaj-pas-bllokimit-te-anijes-ever-given","12":"tag-zjarr-tv"},"_links":{"self":[{"href":"https:\/\/zjarr.tv\/sq\/wp-json\/wp\/v2\/posts\/185839","targetHints":{"allow":["GET"]}}],"collection":[{"href":"https:\/\/zjarr.tv\/sq\/wp-json\/wp\/v2\/posts"}],"about":[{"href":"https:\/\/zjarr.tv\/sq\/wp-json\/wp\/v2\/types\/post"}],"author":[{"embeddable":true,"href":"https:\/\/zjarr.tv\/sq\/wp-json\/wp\/v2\/users\/2030"}],"replies":[{"embeddable":true,"href":"https:\/\/zjarr.tv\/sq\/wp-json\/wp\/v2\/comments?post=185839"}],"version-history":[{"count":0,"href":"https:\/\/zjarr.tv\/sq\/wp-json\/wp\/v2\/posts\/185839\/revisions"}],"wp:featuredmedia":[{"embeddable":true,"href":"https:\/\/zjarr.tv\/sq\/wp-json\/wp\/v2\/media\/185840"}],"wp:attachment":[{"href":"https:\/\/zjarr.tv\/sq\/wp-json\/wp\/v2\/media?parent=185839"}],"wp:term":[{"taxonomy":"category","embeddable":true,"href":"https:\/\/zjarr.tv\/sq\/wp-json\/wp\/v2\/categories?post=185839"},{"taxonomy":"post_tag","embeddable":true,"href":"https:\/\/zjarr.tv\/sq\/wp-json\/wp\/v2\/tags?post=185839"}],"curies":[{"name":"wp","href":"https:\/\/api.w.org\/{rel}","templated":true}]}}