{"id":185983,"date":"2021-06-01T16:54:42","date_gmt":"2021-06-01T14:54:42","guid":{"rendered":"https:\/\/zjarr.tv\/?p=185983"},"modified":"2021-06-01T16:54:42","modified_gmt":"2021-06-01T14:54:42","slug":"protesta-kunder-hec-it-ne-thirre-apeli-i-shkodres-merr-vendimin-per-aktivistet-e-vetevendosjes","status":"publish","type":"post","link":"https:\/\/zjarr.tv\/sq\/protesta-kunder-hec-it-ne-thirre-apeli-i-shkodres-merr-vendimin-per-aktivistet-e-vetevendosjes\/","title":{"rendered":"Protesta kund\u00ebr HEC-it n\u00eb Thirr\u00eb, Apeli i Shkodr\u00ebs merr vendimin p\u00ebr aktivist\u00ebt e Vet\u00ebvendosjes"},"content":{"rendered":"<p>Aktivist\u00ebt e Vet\u00ebvendosjes t\u00eb akuzuar pas protest\u00ebs ndaj HEC-it n\u00eb Thirr\u00eb t\u00eb Mirdit\u00ebs p\u00ebr \u201cOrganizimi dhe pjes\u00ebmarrja n\u00eb grumbullime dhe manifestime t\u00eb paligjshme\u201d, \u201cPengimi i qarkullimit t\u00eb mjeteve t\u00eb transportit\u201d dhe \u201cMosbindja ndaj urdhrit t\u00eb punonj\u00ebsit t\u00eb Policis\u00eb s\u00eb rendit publik\u201d do t\u00eb jen\u00eb n\u00eb mas\u00ebn e siguris\u00eb detyrim paraqitje.<\/p>\n<p>Gjykata e Apelit n\u00eb Shkod\u00ebr ka l\u00ebn\u00eb n\u00eb fuqi vendimin e dh\u00ebn\u00eb nga Gjykata e Lezh\u00ebs, kjo edhe pas t\u00ebrheqjes s\u00eb organit t\u00eb akuz\u00ebs nga pretendimi p\u00ebr rikthimin e tyre n\u00eb burg.<\/p>\n<p>Masa e siguris\u00eb detyrim paraqitje ishte ankimuar nga prokurori Fran\u00e7esk Ganaj, me argumentin se 4 t\u00eb ndaluarit paraqisnin rrezikshm\u00ebri dhe mund t\u00eb largohen p\u00ebr t\u2019ju fshehur drejt\u00ebsis\u00eb.<\/p>\n<p>Por gjat\u00eb shqyrtimit t\u00eb \u00e7\u00ebshtjes n\u00eb gjykat\u00ebn e Apelit n\u00eb Shkod\u00ebr, organi i akuz\u00ebs \u00ebsht\u00eb t\u00ebrhequr duke argumentuar se ka kaluar m\u00eb shum\u00eb se nj\u00eb muaj nga lirimi i tyre dhe ata jan\u00eb paraqitur rregullisht n\u00eb policin\u00eb gjyq\u00ebsore, duke mos ju shmangur drejt\u00ebsis\u00eb.<\/p>\n<p>Besnik Paci, Etnik Berisha, Endrit Bytyqi, dhe \u00c7lirim Gerbeshi jan\u00eb v\u00ebn\u00eb n\u00ebn akuz\u00eb pas protest\u00ebs q\u00eb u b\u00eb k\u00ebt\u00eb fillim prilli kund\u00ebr nd\u00ebrtimit t\u00eb HEC-it dhe nj\u00eb fabrike uji n\u00eb Thirr\u00eb t\u00eb Mirdit\u00ebs.<\/p>\n<p>Protestuesit u p\u00ebrplasen me policin\u00eb dhe bllokuan p\u00ebr disa minuta rrug\u00ebn e Kombit. Pas k\u00ebsaj proteste u shoq\u00ebruan n\u00eb polici 32 persona, por vet\u00ebm p\u00ebr 4 personat e m\u00ebsip\u00ebrm u ngrit akuz\u00eb dhe \u00e7\u00ebshtja kaloi n\u00eb gjykat\u00eb.<\/p>\n","protected":false},"excerpt":{"rendered":"<p>Aktivist\u00ebt e Vet\u00ebvendosjes t\u00eb akuzuar pas protest\u00ebs ndaj HEC-it n\u00eb Thirr\u00eb t\u00eb Mirdit\u00ebs p\u00ebr \u201cOrganizimi dhe pjes\u00ebmarrja n\u00eb grumbullime dhe manifestime t\u00eb paligjshme\u201d, \u201cPengimi i qarkullimit t\u00eb mjeteve t\u00eb transportit\u201d dhe \u201cMosbindja ndaj urdhrit t\u00eb punonj\u00ebsit t\u00eb Policis\u00eb s\u00eb rendit publik\u201d do t\u00eb jen\u00eb n\u00eb mas\u00ebn e siguris\u00eb detyrim paraqitje. Gjykata e Apelit n\u00eb Shkod\u00ebr [&hellip;]<\/p>\n","protected":false},"author":2031,"featured_media":185985,"comment_status":"closed","ping_status":"closed","sticky":false,"template":"","format":"standard","meta":{"footnotes":""},"categories":[231],"tags":[3466,312,458],"class_list":{"0":"post-185983","1":"post","2":"type-post","3":"status-publish","4":"format-standard","5":"has-post-thumbnail","7":"category-lajme","8":"tag-hec","9":"tag-lajme","10":"tag-zjarrtv"},"_links":{"self":[{"href":"https:\/\/zjarr.tv\/sq\/wp-json\/wp\/v2\/posts\/185983","targetHints":{"allow":["GET"]}}],"collection":[{"href":"https:\/\/zjarr.tv\/sq\/wp-json\/wp\/v2\/posts"}],"about":[{"href":"https:\/\/zjarr.tv\/sq\/wp-json\/wp\/v2\/types\/post"}],"author":[{"embeddable":true,"href":"https:\/\/zjarr.tv\/sq\/wp-json\/wp\/v2\/users\/2031"}],"replies":[{"embeddable":true,"href":"https:\/\/zjarr.tv\/sq\/wp-json\/wp\/v2\/comments?post=185983"}],"version-history":[{"count":0,"href":"https:\/\/zjarr.tv\/sq\/wp-json\/wp\/v2\/posts\/185983\/revisions"}],"wp:featuredmedia":[{"embeddable":true,"href":"https:\/\/zjarr.tv\/sq\/wp-json\/wp\/v2\/media\/185985"}],"wp:attachment":[{"href":"https:\/\/zjarr.tv\/sq\/wp-json\/wp\/v2\/media?parent=185983"}],"wp:term":[{"taxonomy":"category","embeddable":true,"href":"https:\/\/zjarr.tv\/sq\/wp-json\/wp\/v2\/categories?post=185983"},{"taxonomy":"post_tag","embeddable":true,"href":"https:\/\/zjarr.tv\/sq\/wp-json\/wp\/v2\/tags?post=185983"}],"curies":[{"name":"wp","href":"https:\/\/api.w.org\/{rel}","templated":true}]}}