{"id":185990,"date":"2021-06-01T17:05:52","date_gmt":"2021-06-01T15:05:52","guid":{"rendered":"https:\/\/zjarr.tv\/?p=185990"},"modified":"2021-06-01T17:06:12","modified_gmt":"2021-06-01T15:06:12","slug":"deklarata-e-forte-e-avokatit-te-njohur-gjyqtarja-e-elbasanit-duhet-te-jape-doreheqjen-dhe-te-hape-rruge-nuk-eshte-e-vetmja","status":"publish","type":"post","link":"https:\/\/zjarr.tv\/sq\/deklarata-e-forte-e-avokatit-te-njohur-gjyqtarja-e-elbasanit-duhet-te-jape-doreheqjen-dhe-te-hape-rruge-nuk-eshte-e-vetmja\/","title":{"rendered":"Deklarata e fort\u00eb e avokatit t\u00eb njohur: Gjyqtarja e Elbasanit duhet t\u00eb jap\u00eb dor\u00ebheqjen dhe t\u00eb hap\u00eb rrug\u00eb! Nuk \u00ebsht\u00eb e vetmja"},"content":{"rendered":"<p>Avokati Kujtim Cakrani ka folur n\u00eb lidhje me rastin e publikuar dit\u00ebn e djeshme t\u00eb kryegjyqtares s\u00eb Elbasanit. Avokati tha se ky ishte nj\u00eb rast i cili d\u00ebmton r\u00ebnd\u00eb imazhin e institucionit t\u00eb drejt\u00ebsis\u00eb, n\u00eb k\u00ebt\u00eb rast t\u00eb gjykatave t\u00eb cilat tashm\u00eb jan\u00eb t\u00eb d\u00ebmtuara nga akuzat e shumta q\u00eb u b\u00ebhen vazhdimisht p\u00ebr korrupsione apo \u00e7\u00ebshtje t\u00eb tjera.<\/p>\n<p>Cakrani tha se \u00ebsht\u00eb e pamundur q\u00eb krye-gjyqtarja mos t\u00eb ket\u00eb publikuar videot me p\u00eblqimin e saj dhe shtoi se ky nuk \u00ebsht\u00eb rasti i vet\u00ebm q\u00eb ndodhin k\u00ebto lloj sjelljesh tek gjyqtaret shqiptare.<\/p>\n<p>Sipas tij, niveli i performanc\u00ebs \u00ebsht\u00eb ulur shum\u00eb dhe raste t\u00eb tilla t\u00eb performanc\u00ebs dhe etik\u00ebs s\u00eb dob\u00ebt gjen shum\u00eb n\u00eb k\u00ebto institucione.<\/p>\n<p><em style=\"font-weight: inherit;\">\u201cRasti i n\u00ebnkryetares s\u00eb gjyqtares s\u00eb Elbasanit, \u00ebsht\u00eb ndoshta nga rastet m\u00eb precedent\u00eb sa i p\u00ebrket an\u00ebs morale, pasi nuk flitet p\u00ebr korrupsion por p\u00ebr video t\u00eb cilat kan\u00eb dal\u00eb n\u00ebp\u00ebr rrjete socaile, t\u00eb cilat jan\u00eb b\u00ebr\u00eb me nj\u00eb q\u00ebllim t\u00eb caktuar n\u00eb ambientet e pun\u00ebs. P\u00ebrderisa jan\u00eb b\u00ebr\u00eb aty, k\u00ebto video jan\u00eb b\u00ebr\u00eb nga nj\u00eb person tjet\u00ebr por me d\u00ebshir\u00ebn e saj q\u00eb duket duksh\u00ebm.<\/em><\/p>\n<p><em style=\"font-weight: inherit;\"> Ajo mund t\u2019i b\u00ebj\u00eb jasht\u00eb k\u00ebto veprime por un\u00eb jam kund\u00ebr edhe k\u00ebsaj, sepse ajo p\u00ebrfa\u00ebson institucionin e gjykat\u00ebs, q\u00eb \u00ebsht\u00eb i d\u00ebmtuar r\u00ebnd\u00eb gjat\u00eb k\u00ebtyre viteve p\u00ebr fenomenin e korrupsionit. Gjithashtu edhe p\u00ebr faktin se po dalin nga vetingu gjyqtar\u00eb shum\u00eb t\u00eb korruptuar.<\/em><\/p>\n<p><em style=\"font-weight: inherit;\">N\u00ebse merr p\u00ebrgjegj\u00ebsin\u00eb p\u00ebr t\u00eb b\u00ebr\u00eb nj\u00eb jet\u00eb publike, duhet t\u00eb heq\u00ebsh dor\u00eb nga shum\u00eb gj\u00ebra. N\u00ebse do t\u00eb vazhdoj\u00eb p\u00ebr modele t\u00eb kishte zgjidhte rrug\u00ebn e fotomodeles. Por aty jemi n\u00eb nj\u00eb institucion t\u00eb drejt\u00ebsis\u00eb t\u00eb d\u00ebmtuar r\u00ebnd\u00eb, ku imazhi i gjyqtar\u00ebve \u00ebsht\u00eb p\u00ebrtok\u00eb.<\/em><\/p>\n<p><em style=\"font-weight: inherit;\">Ajo mund t\u00eb ket\u00eb justifikime nga m\u00eb t\u00eb ndryshme por duhet t\u00eb jap\u00eb dor\u00ebheqjen dhe t\u00eb hapi rrug\u00eb p\u00ebr kryerjen e hetimeve. Sic u mor vesh dje, ILD ka nisur hetimet ndaj saj p\u00ebr shkelje t\u00eb hetimeve.<\/em><\/p>\n<p><em style=\"font-weight: inherit;\">Por un\u00eb nuk mendoj se gjyqtares ja kan\u00eb vjedhur v\u00ebrtet, problemi q\u00ebndron se \u00ebsht\u00eb ulur niveli shum\u00eb i gjyqtareve t\u00eb cilat kan\u00eb t\u00eb nj\u00ebjt\u00ebn etik\u00eb q\u00eb e p\u00ebrdorin n\u00eb sistemin e drejt\u00ebsis\u00eb. Jan\u00eb t\u00eb nj\u00eb performance shum\u00eb t\u00eb dob\u00ebt si nga ana etike po ashtu edhe nga ana profesionale\u201d<\/em>\u00a0\u2013 tha Cakrani.<\/p>\n","protected":false},"excerpt":{"rendered":"<p>Avokati Kujtim Cakrani ka folur n\u00eb lidhje me rastin e publikuar dit\u00ebn e djeshme t\u00eb kryegjyqtares s\u00eb Elbasanit. Avokati tha se ky ishte nj\u00eb rast i cili d\u00ebmton r\u00ebnd\u00eb imazhin e institucionit t\u00eb drejt\u00ebsis\u00eb, n\u00eb k\u00ebt\u00eb rast t\u00eb gjykatave t\u00eb cilat tashm\u00eb jan\u00eb t\u00eb d\u00ebmtuara nga akuzat e shumta q\u00eb u b\u00ebhen vazhdimisht p\u00ebr korrupsione [&hellip;]<\/p>\n","protected":false},"author":2030,"featured_media":185991,"comment_status":"closed","ping_status":"closed","sticky":false,"template":"","format":"standard","meta":{"footnotes":""},"categories":[241,364],"tags":[],"class_list":{"0":"post-185990","1":"post","2":"type-post","3":"status-publish","4":"format-standard","5":"has-post-thumbnail","7":"category-aktualitet","8":"category-koment-opinion"},"_links":{"self":[{"href":"https:\/\/zjarr.tv\/sq\/wp-json\/wp\/v2\/posts\/185990","targetHints":{"allow":["GET"]}}],"collection":[{"href":"https:\/\/zjarr.tv\/sq\/wp-json\/wp\/v2\/posts"}],"about":[{"href":"https:\/\/zjarr.tv\/sq\/wp-json\/wp\/v2\/types\/post"}],"author":[{"embeddable":true,"href":"https:\/\/zjarr.tv\/sq\/wp-json\/wp\/v2\/users\/2030"}],"replies":[{"embeddable":true,"href":"https:\/\/zjarr.tv\/sq\/wp-json\/wp\/v2\/comments?post=185990"}],"version-history":[{"count":0,"href":"https:\/\/zjarr.tv\/sq\/wp-json\/wp\/v2\/posts\/185990\/revisions"}],"wp:featuredmedia":[{"embeddable":true,"href":"https:\/\/zjarr.tv\/sq\/wp-json\/wp\/v2\/media\/185991"}],"wp:attachment":[{"href":"https:\/\/zjarr.tv\/sq\/wp-json\/wp\/v2\/media?parent=185990"}],"wp:term":[{"taxonomy":"category","embeddable":true,"href":"https:\/\/zjarr.tv\/sq\/wp-json\/wp\/v2\/categories?post=185990"},{"taxonomy":"post_tag","embeddable":true,"href":"https:\/\/zjarr.tv\/sq\/wp-json\/wp\/v2\/tags?post=185990"}],"curies":[{"name":"wp","href":"https:\/\/api.w.org\/{rel}","templated":true}]}}