{"id":185999,"date":"2021-06-01T17:37:26","date_gmt":"2021-06-01T15:37:26","guid":{"rendered":"https:\/\/zjarr.tv\/?p=185999"},"modified":"2021-06-01T17:37:26","modified_gmt":"2021-06-01T15:37:26","slug":"turqia-lehteson-masat-per-te-thithur-turistet-air-albania-njofton-qytetaret-kush-mund-te-udhetoje-pa-nevojen-e-testit-pcr","status":"publish","type":"post","link":"https:\/\/zjarr.tv\/sq\/turqia-lehteson-masat-per-te-thithur-turistet-air-albania-njofton-qytetaret-kush-mund-te-udhetoje-pa-nevojen-e-testit-pcr\/","title":{"rendered":"Turqia leht\u00ebson masat p\u00ebr t\u00eb \u201cthithur\u201d turist\u00ebt, \u201cAir Albania\u201d njofton qytetar\u00ebt: Kush mund t\u00eb udh\u00ebtoj\u00eb pa nevoj\u00ebn e testit PCR"},"content":{"rendered":"<p style=\"background: white; margin: 0in 0in 19.5pt 0in;\">\u201cAir Albania\u201d ka nxjerr\u00eb njoftimin e r\u00ebnd\u00ebsish\u00ebm p\u00ebr personat q\u00eb duan t\u00eb udh\u00ebtojn\u00eb drejt Turqis\u00eb, e cila ka leht\u00ebsuar masat p\u00ebr turist\u00ebt q\u00eb kan\u00eb zgjedhur k\u00ebt\u00eb vend si destinacion p\u00ebr t\u00eb pushuar gjat\u00eb ver\u00ebs.<\/p>\n<p style=\"background: white; -webkit-tap-highlight-color: transparent !important; box-sizing: border-box; overflow-wrap: break-word; font-variant-ligatures: normal; font-variant-caps: normal; orphans: 2; widows: 2; -webkit-text-stroke-width: 0px; text-decoration-thickness: initial; text-decoration-style: initial; text-decoration-color: initial; word-spacing: 0px; margin: 0in 0in 19.5pt 0in;\">Sipas njoftimit, duke filluar nga data 31 maj, nuk do t\u00eb kryejn\u00eb testin PCR personat q\u00eb\u00a0 posedojn\u00eb dokumentin q\u00eb v\u00ebrteton se jan\u00eb vaksinuar, maksimumi 14 dit\u00eb para hyrjes n\u00eb Turqi.<\/p>\n<p style=\"background: white; -webkit-tap-highlight-color: transparent !important; box-sizing: border-box; overflow-wrap: break-word; font-variant-ligatures: normal; font-variant-caps: normal; orphans: 2; widows: 2; -webkit-text-stroke-width: 0px; text-decoration-thickness: initial; text-decoration-style: initial; text-decoration-color: initial; word-spacing: 0px; margin: 0in 0in 19.5pt 0in;\">Gjithashtu dhe personat q\u00eb v\u00ebrtetojn\u00eb me an\u00eb t\u00eb nj\u00eb dokumenti se e kan\u00eb kaluar Covid-19 n\u00eb 6 muajt e fundit.<\/p>\n<p style=\"background: white; -webkit-tap-highlight-color: transparent !important; box-sizing: border-box; overflow-wrap: break-word; font-variant-ligatures: normal; font-variant-caps: normal; orphans: 2; widows: 2; -webkit-text-stroke-width: 0px; text-decoration-thickness: initial; text-decoration-style: initial; text-decoration-color: initial; word-spacing: 0px; margin: 0in 0in 19.5pt 0in;\">Nd\u00ebrsa,\u00a0 personat q\u00eb nuk jan\u00eb vaksinuar dhe q\u00eb nuk e kan\u00eb kaluar Covid-19 n\u00eb 6 muajt e fundit, do t\u00eb duhet t\u00eb kryejn\u00eb testin PCR 72 or\u00eb p\u00ebrpara nisjes, ose testin e shpejt\u00eb 48 or\u00eb p\u00ebrpara fluturimit.<\/p>\n<p><img loading=\"lazy\" decoding=\"async\" class=\"alignnone size-medium wp-image-186001\" src=\"https:\/\/zjarr.tv\/wp-content\/uploads\/2021\/06\/Untitled-design-2021-06-01T173639.005-300x251.jpg\" alt=\"\" width=\"300\" height=\"251\" srcset=\"https:\/\/zjarr.tv\/wp-content\/uploads\/2021\/06\/Untitled-design-2021-06-01T173639.005-300x251.jpg 300w, https:\/\/zjarr.tv\/wp-content\/uploads\/2021\/06\/Untitled-design-2021-06-01T173639.005-768x644.jpg 768w, https:\/\/zjarr.tv\/wp-content\/uploads\/2021\/06\/Untitled-design-2021-06-01T173639.005-696x583.jpg 696w, https:\/\/zjarr.tv\/wp-content\/uploads\/2021\/06\/Untitled-design-2021-06-01T173639.005-501x420.jpg 501w, https:\/\/zjarr.tv\/wp-content\/uploads\/2021\/06\/Untitled-design-2021-06-01T173639.005.jpg 940w\" sizes=\"auto, (max-width: 300px) 100vw, 300px\" \/><img loading=\"lazy\" decoding=\"async\" class=\"alignnone size-medium wp-image-186002\" src=\"https:\/\/zjarr.tv\/wp-content\/uploads\/2021\/06\/Untitled-design-2021-06-01T173707.482-300x251.jpg\" alt=\"\" width=\"300\" height=\"251\" srcset=\"https:\/\/zjarr.tv\/wp-content\/uploads\/2021\/06\/Untitled-design-2021-06-01T173707.482-300x251.jpg 300w, https:\/\/zjarr.tv\/wp-content\/uploads\/2021\/06\/Untitled-design-2021-06-01T173707.482-768x644.jpg 768w, https:\/\/zjarr.tv\/wp-content\/uploads\/2021\/06\/Untitled-design-2021-06-01T173707.482-696x583.jpg 696w, https:\/\/zjarr.tv\/wp-content\/uploads\/2021\/06\/Untitled-design-2021-06-01T173707.482-501x420.jpg 501w, https:\/\/zjarr.tv\/wp-content\/uploads\/2021\/06\/Untitled-design-2021-06-01T173707.482.jpg 940w\" sizes=\"auto, (max-width: 300px) 100vw, 300px\" \/><\/p>\n","protected":false},"excerpt":{"rendered":"<p>\u201cAir Albania\u201d ka nxjerr\u00eb njoftimin e r\u00ebnd\u00ebsish\u00ebm p\u00ebr personat q\u00eb duan t\u00eb udh\u00ebtojn\u00eb drejt Turqis\u00eb, e cila ka leht\u00ebsuar masat p\u00ebr turist\u00ebt q\u00eb kan\u00eb zgjedhur k\u00ebt\u00eb vend si destinacion p\u00ebr t\u00eb pushuar gjat\u00eb ver\u00ebs. Sipas njoftimit, duke filluar nga data 31 maj, nuk do t\u00eb kryejn\u00eb testin PCR personat q\u00eb\u00a0 posedojn\u00eb dokumentin q\u00eb v\u00ebrteton se [&hellip;]<\/p>\n","protected":false},"author":2030,"featured_media":186000,"comment_status":"closed","ping_status":"closed","sticky":false,"template":"","format":"standard","meta":{"footnotes":""},"categories":[241],"tags":[],"class_list":{"0":"post-185999","1":"post","2":"type-post","3":"status-publish","4":"format-standard","5":"has-post-thumbnail","7":"category-aktualitet"},"_links":{"self":[{"href":"https:\/\/zjarr.tv\/sq\/wp-json\/wp\/v2\/posts\/185999","targetHints":{"allow":["GET"]}}],"collection":[{"href":"https:\/\/zjarr.tv\/sq\/wp-json\/wp\/v2\/posts"}],"about":[{"href":"https:\/\/zjarr.tv\/sq\/wp-json\/wp\/v2\/types\/post"}],"author":[{"embeddable":true,"href":"https:\/\/zjarr.tv\/sq\/wp-json\/wp\/v2\/users\/2030"}],"replies":[{"embeddable":true,"href":"https:\/\/zjarr.tv\/sq\/wp-json\/wp\/v2\/comments?post=185999"}],"version-history":[{"count":0,"href":"https:\/\/zjarr.tv\/sq\/wp-json\/wp\/v2\/posts\/185999\/revisions"}],"wp:featuredmedia":[{"embeddable":true,"href":"https:\/\/zjarr.tv\/sq\/wp-json\/wp\/v2\/media\/186000"}],"wp:attachment":[{"href":"https:\/\/zjarr.tv\/sq\/wp-json\/wp\/v2\/media?parent=185999"}],"wp:term":[{"taxonomy":"category","embeddable":true,"href":"https:\/\/zjarr.tv\/sq\/wp-json\/wp\/v2\/categories?post=185999"},{"taxonomy":"post_tag","embeddable":true,"href":"https:\/\/zjarr.tv\/sq\/wp-json\/wp\/v2\/tags?post=185999"}],"curies":[{"name":"wp","href":"https:\/\/api.w.org\/{rel}","templated":true}]}}