{"id":186005,"date":"2021-06-01T17:42:08","date_gmt":"2021-06-01T15:42:08","guid":{"rendered":"https:\/\/zjarr.tv\/?p=186005"},"modified":"2021-06-01T17:42:08","modified_gmt":"2021-06-01T15:42:08","slug":"spak-kerkoi-rigjykim-gjykata-e-larte-ia-kalon-ceshtjen-e-fatmir-mediut-gjykates-speciale-gjkko","status":"publish","type":"post","link":"https:\/\/zjarr.tv\/sq\/spak-kerkoi-rigjykim-gjykata-e-larte-ia-kalon-ceshtjen-e-fatmir-mediut-gjykates-speciale-gjkko\/","title":{"rendered":"SPAK k\u00ebrkoi rigjykim, Gjykata e Lart\u00eb ia kalon \u00e7\u00ebshtjen e Fatmir Mediut Gjykat\u00ebs Speciale GJKKO"},"content":{"rendered":"<p style=\"background: white; margin: 0in 0in 19.5pt 0in;\">Struktura e Posa\u00e7me Anti-korrupsion (SPAK) i k\u00ebrkoi pak dit\u00eb m\u00eb par\u00eb Gjykat\u00ebs s\u00eb Lart\u00ebs rigjykimin e ish-ministrit Fatmir Mediu, lidhur me ngjarjen e G\u00ebrrdecit n\u00eb vitin 2008.<\/p>\n<p style=\"background: white; -webkit-tap-highlight-color: transparent !important; box-sizing: border-box; overflow-wrap: break-word; font-variant-ligatures: normal; font-variant-caps: normal; orphans: 2; widows: 2; -webkit-text-stroke-width: 0px; text-decoration-thickness: initial; text-decoration-style: initial; text-decoration-color: initial; word-spacing: 0px; margin: 0in 0in 19.5pt 0in;\">Mir\u00ebpo Gjykata e Lart\u00eb ka shpallur moskompetenc\u00eb duke ia kaluar topin Gjykat\u00ebs Speciale Kund\u00ebr Korrupsionit dhe Krimit t\u00eb Organizuar (GJKKO). Kjo k\u00ebrkes\u00eb \u00ebsht\u00eb b\u00ebr\u00eb nga prokurori Klodian Braho.<\/p>\n<p style=\"background: white; -webkit-tap-highlight-color: transparent !important; box-sizing: border-box; overflow-wrap: break-word; font-variant-ligatures: normal; font-variant-caps: normal; orphans: 2; widows: 2; -webkit-text-stroke-width: 0px; text-decoration-thickness: initial; text-decoration-style: initial; text-decoration-color: initial; word-spacing: 0px; margin: 0in 0in 19.5pt 0in;\">Vijon\u2026<\/p>\n","protected":false},"excerpt":{"rendered":"<p>Struktura e Posa\u00e7me Anti-korrupsion (SPAK) i k\u00ebrkoi pak dit\u00eb m\u00eb par\u00eb Gjykat\u00ebs s\u00eb Lart\u00ebs rigjykimin e ish-ministrit Fatmir Mediu, lidhur me ngjarjen e G\u00ebrrdecit n\u00eb vitin 2008. Mir\u00ebpo Gjykata e Lart\u00eb ka shpallur moskompetenc\u00eb duke ia kaluar topin Gjykat\u00ebs Speciale Kund\u00ebr Korrupsionit dhe Krimit t\u00eb Organizuar (GJKKO). Kjo k\u00ebrkes\u00eb \u00ebsht\u00eb b\u00ebr\u00eb nga prokurori Klodian Braho. [&hellip;]<\/p>\n","protected":false},"author":2030,"featured_media":165179,"comment_status":"closed","ping_status":"closed","sticky":false,"template":"","format":"standard","meta":{"footnotes":""},"categories":[241],"tags":[],"class_list":{"0":"post-186005","1":"post","2":"type-post","3":"status-publish","4":"format-standard","5":"has-post-thumbnail","7":"category-aktualitet"},"_links":{"self":[{"href":"https:\/\/zjarr.tv\/sq\/wp-json\/wp\/v2\/posts\/186005","targetHints":{"allow":["GET"]}}],"collection":[{"href":"https:\/\/zjarr.tv\/sq\/wp-json\/wp\/v2\/posts"}],"about":[{"href":"https:\/\/zjarr.tv\/sq\/wp-json\/wp\/v2\/types\/post"}],"author":[{"embeddable":true,"href":"https:\/\/zjarr.tv\/sq\/wp-json\/wp\/v2\/users\/2030"}],"replies":[{"embeddable":true,"href":"https:\/\/zjarr.tv\/sq\/wp-json\/wp\/v2\/comments?post=186005"}],"version-history":[{"count":0,"href":"https:\/\/zjarr.tv\/sq\/wp-json\/wp\/v2\/posts\/186005\/revisions"}],"wp:featuredmedia":[{"embeddable":true,"href":"https:\/\/zjarr.tv\/sq\/wp-json\/wp\/v2\/media\/165179"}],"wp:attachment":[{"href":"https:\/\/zjarr.tv\/sq\/wp-json\/wp\/v2\/media?parent=186005"}],"wp:term":[{"taxonomy":"category","embeddable":true,"href":"https:\/\/zjarr.tv\/sq\/wp-json\/wp\/v2\/categories?post=186005"},{"taxonomy":"post_tag","embeddable":true,"href":"https:\/\/zjarr.tv\/sq\/wp-json\/wp\/v2\/tags?post=186005"}],"curies":[{"name":"wp","href":"https:\/\/api.w.org\/{rel}","templated":true}]}}