{"id":186009,"date":"2021-06-01T18:05:43","date_gmt":"2021-06-01T16:05:43","guid":{"rendered":"https:\/\/zjarr.tv\/?p=186009"},"modified":"2021-06-01T18:05:43","modified_gmt":"2021-06-01T16:05:43","slug":"armir-shkurti-kam-frike-se-kemi-nje-problem-xhelozie-sfilatat-rrobat-firmato-jane-ekskluzivitet-i-tjeterkujt","status":"publish","type":"post","link":"https:\/\/zjarr.tv\/sq\/armir-shkurti-kam-frike-se-kemi-nje-problem-xhelozie-sfilatat-rrobat-firmato-jane-ekskluzivitet-i-tjeterkujt\/","title":{"rendered":"Armir Shkurti\/ Kam frik\u00eb se kemi nj\u00eb problem xhelozie! Sfilatat, rrobat firmato, jan\u00eb EKSKLUZIVITET i tjet\u00ebrkujt."},"content":{"rendered":"<p>Me ane te nje statusi ne \u2018Facebook&#8217;\u00a0 gazetari Armir Shkurti ironizon zhurrmen e madhe te bere per videot me rroba firmato te gjyqtares se Elbasanit ,Enkeleda Kapedani.<\/p>\n<p><strong>Postimi i plote nga Armir Shkurti:<\/strong><\/p>\n<p>Kam frik\u00eb se kemi nj\u00eb problem xhelozie!<\/p>\n<p>Sfilatat, rrobat firmato, jan\u00eb EKSKLUZIVITET i tjet\u00ebrkujt.<\/p>\n<p>K\u00ebshtuq\u00eb kryetarja e gjykat\u00ebs s\u00eb Elbasanit m\u00eb duket se po e ha prej konkurenc\u00ebs.<\/p>\n<p><img loading=\"lazy\" decoding=\"async\" class=\"alignnone size-medium wp-image-186010\" src=\"https:\/\/zjarr.tv\/wp-content\/uploads\/2021\/06\/Untitled-design-2021-06-01T180302.513-300x251.jpg\" alt=\"\" width=\"300\" height=\"251\" srcset=\"https:\/\/zjarr.tv\/wp-content\/uploads\/2021\/06\/Untitled-design-2021-06-01T180302.513-300x251.jpg 300w, https:\/\/zjarr.tv\/wp-content\/uploads\/2021\/06\/Untitled-design-2021-06-01T180302.513-768x644.jpg 768w, https:\/\/zjarr.tv\/wp-content\/uploads\/2021\/06\/Untitled-design-2021-06-01T180302.513-696x583.jpg 696w, https:\/\/zjarr.tv\/wp-content\/uploads\/2021\/06\/Untitled-design-2021-06-01T180302.513-501x420.jpg 501w, https:\/\/zjarr.tv\/wp-content\/uploads\/2021\/06\/Untitled-design-2021-06-01T180302.513.jpg 940w\" sizes=\"auto, (max-width: 300px) 100vw, 300px\" \/><\/p>\n","protected":false},"excerpt":{"rendered":"<p>Me ane te nje statusi ne \u2018Facebook&#8217;\u00a0 gazetari Armir Shkurti ironizon zhurrmen e madhe te bere per videot me rroba firmato te gjyqtares se Elbasanit ,Enkeleda Kapedani. Postimi i plote nga Armir Shkurti: Kam frik\u00eb se kemi nj\u00eb problem xhelozie! Sfilatat, rrobat firmato, jan\u00eb EKSKLUZIVITET i tjet\u00ebrkujt. K\u00ebshtuq\u00eb kryetarja e gjykat\u00ebs s\u00eb Elbasanit m\u00eb duket [&hellip;]<\/p>\n","protected":false},"author":2030,"featured_media":186011,"comment_status":"closed","ping_status":"closed","sticky":false,"template":"","format":"standard","meta":{"footnotes":""},"categories":[241,364],"tags":[],"class_list":{"0":"post-186009","1":"post","2":"type-post","3":"status-publish","4":"format-standard","5":"has-post-thumbnail","7":"category-aktualitet","8":"category-koment-opinion"},"_links":{"self":[{"href":"https:\/\/zjarr.tv\/sq\/wp-json\/wp\/v2\/posts\/186009","targetHints":{"allow":["GET"]}}],"collection":[{"href":"https:\/\/zjarr.tv\/sq\/wp-json\/wp\/v2\/posts"}],"about":[{"href":"https:\/\/zjarr.tv\/sq\/wp-json\/wp\/v2\/types\/post"}],"author":[{"embeddable":true,"href":"https:\/\/zjarr.tv\/sq\/wp-json\/wp\/v2\/users\/2030"}],"replies":[{"embeddable":true,"href":"https:\/\/zjarr.tv\/sq\/wp-json\/wp\/v2\/comments?post=186009"}],"version-history":[{"count":0,"href":"https:\/\/zjarr.tv\/sq\/wp-json\/wp\/v2\/posts\/186009\/revisions"}],"wp:featuredmedia":[{"embeddable":true,"href":"https:\/\/zjarr.tv\/sq\/wp-json\/wp\/v2\/media\/186011"}],"wp:attachment":[{"href":"https:\/\/zjarr.tv\/sq\/wp-json\/wp\/v2\/media?parent=186009"}],"wp:term":[{"taxonomy":"category","embeddable":true,"href":"https:\/\/zjarr.tv\/sq\/wp-json\/wp\/v2\/categories?post=186009"},{"taxonomy":"post_tag","embeddable":true,"href":"https:\/\/zjarr.tv\/sq\/wp-json\/wp\/v2\/tags?post=186009"}],"curies":[{"name":"wp","href":"https:\/\/api.w.org\/{rel}","templated":true}]}}