{"id":186019,"date":"2021-06-01T18:46:30","date_gmt":"2021-06-01T16:46:30","guid":{"rendered":"https:\/\/zjarr.tv\/?p=186019"},"modified":"2021-06-01T18:46:30","modified_gmt":"2021-06-01T16:46:30","slug":"edith-harxhi-thirrje-demokrateve-nese-me-votoni-do-ta-hap-pd-ne-si-berisha","status":"publish","type":"post","link":"https:\/\/zjarr.tv\/sq\/edith-harxhi-thirrje-demokrateve-nese-me-votoni-do-ta-hap-pd-ne-si-berisha\/","title":{"rendered":"Edith Harxhi thirrje demokrat\u00ebve: N\u00ebse m\u00eb votoni, do ta hap PD-n\u00eb si Berisha"},"content":{"rendered":"<p>Kandidatja p\u00ebr kryetare e Partis\u00eb Demokratike, Edit Harxhi zhvilloi sot nj\u00eb takim me grat\u00eb demokrate, ku tha se ajo ka nj\u00eb plan dhe vizion tjet\u00ebr lidhur me t\u00eb ardhmen e PD-s\u00eb.<\/p>\n<p>Ajo tha se n\u00ebse do t\u00eb votohej do t\u00eb hapte partin\u00eb nj\u00ebsoj si\u00e7 b\u00ebri Berisha n\u00eb vitin 2005, duke rikthyer t\u00eb djatht\u00ebt n\u00eb pushtet.<\/p>\n<p>\u201c<em>Do t\u00eb doja q\u00eb PD t\u00eb kishte nj\u00eb zonj\u00eb n\u00eb krye, por sido q\u00eb t\u00eb ndodh\u00eb do t\u00eb m\u00eb keni n\u00eb k\u00ebt\u00eb sht\u00ebpi deri kur t\u00eb kem frym\u00ebn e fundit dhe jo n\u00eb nj\u00eb parti tjet\u00ebr. Kush ka mund\u00ebsi t\u00eb kthehet q\u00eb \u00ebsht\u00eb i djatht\u00eb t\u00eb kthehet n\u00eb k\u00ebt\u00eb sht\u00ebpi. Gjith\u00e7ka t\u00eb zgjidhet me vot\u00eb, edhe ata q\u00eb kthehen t\u00eb futen n\u00eb vot\u00ebbesim. Sikur e b\u00ebri Berisha n\u00eb 2005, t\u00eb hapen partia duke l\u00ebn\u00eb t\u00eb gjitha hat\u00ebrmbetjet. Bashkim pa pasur paragjykim p\u00ebr ndasi, p\u00ebrve\u00e7 t\u00eb majt\u00ebs. Duhet qarkullim elitash\u201d<\/em> tha ajo.<\/p>\n<p>Gjat\u00eb takimit nj\u00eb grua kujtoi me lot vuajtjet n\u00eb sistemim komunist dhe k\u00ebrkoi nga Harxhi q\u00eb t\u00eb ulen gjakrat brenda PD-s\u00eb.<\/p>\n<p>\u201c<em>Un\u00eb jam demokrate. Ulni gjakrat. Nuk duam m\u00eb sharje. Boll na ik\u00ebn\u201d <\/em>tha ajo<em>. \u201cUn\u00eb dhe Basha kemi qen\u00eb miqt\u00eb m\u00eb t\u00eb mir\u00eb, n\u00eb parti e din\u00eb mir\u00ebsin\u00eb time me Bash\u00ebn, por kjo \u00ebsht\u00eb c\u00ebshtje partie. Mos mendoni se do t\u00eb b\u00ebja nj\u00eb p\u00ebrballje personale kund\u00ebr Bash\u00ebs dhe askujt\u201d<\/em>,\u00a0tha ajo.<\/p>\n<p>Kujtojme se n\u00eb gar\u00eb p\u00ebr postin e kryetarit t\u00eb PD-s\u00eb jan\u00eb Lulzim Basha, Edith Harxhi, Fatbardh Kadilli dhe Agron Shehaj, nd\u00ebrsa zgjedhjet do t\u00eb zhvillohen n\u00eb 13 qershor.<\/p>\n","protected":false},"excerpt":{"rendered":"<p>Kandidatja p\u00ebr kryetare e Partis\u00eb Demokratike, Edit Harxhi zhvilloi sot nj\u00eb takim me grat\u00eb demokrate, ku tha se ajo ka nj\u00eb plan dhe vizion tjet\u00ebr lidhur me t\u00eb ardhmen e PD-s\u00eb. Ajo tha se n\u00ebse do t\u00eb votohej do t\u00eb hapte partin\u00eb nj\u00ebsoj si\u00e7 b\u00ebri Berisha n\u00eb vitin 2005, duke rikthyer t\u00eb djatht\u00ebt n\u00eb pushtet. [&hellip;]<\/p>\n","protected":false},"author":2030,"featured_media":186020,"comment_status":"closed","ping_status":"closed","sticky":false,"template":"","format":"standard","meta":{"footnotes":""},"categories":[241,1454],"tags":[],"class_list":{"0":"post-186019","1":"post","2":"type-post","3":"status-publish","4":"format-standard","5":"has-post-thumbnail","7":"category-aktualitet","8":"category-politike"},"_links":{"self":[{"href":"https:\/\/zjarr.tv\/sq\/wp-json\/wp\/v2\/posts\/186019","targetHints":{"allow":["GET"]}}],"collection":[{"href":"https:\/\/zjarr.tv\/sq\/wp-json\/wp\/v2\/posts"}],"about":[{"href":"https:\/\/zjarr.tv\/sq\/wp-json\/wp\/v2\/types\/post"}],"author":[{"embeddable":true,"href":"https:\/\/zjarr.tv\/sq\/wp-json\/wp\/v2\/users\/2030"}],"replies":[{"embeddable":true,"href":"https:\/\/zjarr.tv\/sq\/wp-json\/wp\/v2\/comments?post=186019"}],"version-history":[{"count":0,"href":"https:\/\/zjarr.tv\/sq\/wp-json\/wp\/v2\/posts\/186019\/revisions"}],"wp:featuredmedia":[{"embeddable":true,"href":"https:\/\/zjarr.tv\/sq\/wp-json\/wp\/v2\/media\/186020"}],"wp:attachment":[{"href":"https:\/\/zjarr.tv\/sq\/wp-json\/wp\/v2\/media?parent=186019"}],"wp:term":[{"taxonomy":"category","embeddable":true,"href":"https:\/\/zjarr.tv\/sq\/wp-json\/wp\/v2\/categories?post=186019"},{"taxonomy":"post_tag","embeddable":true,"href":"https:\/\/zjarr.tv\/sq\/wp-json\/wp\/v2\/tags?post=186019"}],"curies":[{"name":"wp","href":"https:\/\/api.w.org\/{rel}","templated":true}]}}