{"id":186740,"date":"2021-06-05T11:53:11","date_gmt":"2021-06-05T09:53:11","guid":{"rendered":"https:\/\/zjarr.tv\/?p=186740"},"modified":"2021-06-05T11:53:11","modified_gmt":"2021-06-05T09:53:11","slug":"skenderbeu-tashme-na-u-be-hamza-ylli-manjani-shperthen-kunder-marreveshjeve-rama-erdogan-u-rivasalizuam-te-turku","status":"publish","type":"post","link":"https:\/\/zjarr.tv\/sq\/skenderbeu-tashme-na-u-be-hamza-ylli-manjani-shperthen-kunder-marreveshjeve-rama-erdogan-u-rivasalizuam-te-turku\/","title":{"rendered":"Sk\u00ebnderbeu tashm\u00eb na u b\u00eb Hamza\/ Ylli Manjani shp\u00ebrthen kund\u00ebr marr\u00ebveshjeve Rama-Erdogan: U rivasalizuam te turku\u2026"},"content":{"rendered":"<p>K\u00ebto dit\u00eb Kryeministri Edi Rama dhe Presidenti turk Erdogan, n\u00ebnshkruan disa marr\u00ebveshje n\u00eb ekonomi, sh\u00ebndet\u00ebsi, turiz\u00ebm dhe p\u00ebr sigurin\u00eb e vendit. Ish-ministri i Drejt\u00ebsis\u00eb Ylli Manjani, ka reaguar ashp\u00ebr p\u00ebrmes nj\u00eb statusi n\u00eb Facebook, ku marr\u00ebveshjet i sheh si rivasalizim t\u00eb vendit ton\u00eb nga Turqia.<\/p>\n<p>Manjani shkruan n\u00eb rrjetin social:<\/p>\n<p>Lereni Amerik\u00ebn. Lereni Blinken, Soros e Kim!<\/p>\n<p>Shihni se nd\u00ebrkoh\u00eb u rivasalizuam te turku. \u00c7\u2019thot\u00eb Turqia b\u00ebn qeveria. \u00c7do qeveria e sjell Turqia. Nd\u00ebrkoh\u00eb sa koh\u00eb Shqip\u00ebria t\u00eb ket\u00eb k\u00ebt\u00eb qeveri, ka paket\u00eb edhe Turqin\u00eb\u2026All inclusive\u2026 Sk\u00ebnderbeu tashm\u00eb na u b\u00eb Hamza\u2026<\/p>\n<p>Amerika edhe e ndryshon sjelljen. Turqia jo.<\/p>\n<p>Per\u00ebndimin do e shohim vet\u00ebm n\u00eb televizor. Fshehtas me kana\u00e7e edhe at\u00eb\u2026<\/p>\n","protected":false},"excerpt":{"rendered":"<p>K\u00ebto dit\u00eb Kryeministri Edi Rama dhe Presidenti turk Erdogan, n\u00ebnshkruan disa marr\u00ebveshje n\u00eb ekonomi, sh\u00ebndet\u00ebsi, turiz\u00ebm dhe p\u00ebr sigurin\u00eb e vendit. Ish-ministri i Drejt\u00ebsis\u00eb Ylli Manjani, ka reaguar ashp\u00ebr p\u00ebrmes nj\u00eb statusi n\u00eb Facebook, ku marr\u00ebveshjet i sheh si rivasalizim t\u00eb vendit ton\u00eb nga Turqia. Manjani shkruan n\u00eb rrjetin social: Lereni Amerik\u00ebn. Lereni Blinken, Soros [&hellip;]<\/p>\n","protected":false},"author":2016,"featured_media":186742,"comment_status":"closed","ping_status":"closed","sticky":false,"template":"","format":"standard","meta":{"footnotes":""},"categories":[241],"tags":[3583],"class_list":{"0":"post-186740","1":"post","2":"type-post","3":"status-publish","4":"format-standard","5":"has-post-thumbnail","7":"category-aktualitet","8":"tag-lajme-zjarr-manjani-u-rivasalizuam-te-turku-zjarr-tv"},"_links":{"self":[{"href":"https:\/\/zjarr.tv\/sq\/wp-json\/wp\/v2\/posts\/186740","targetHints":{"allow":["GET"]}}],"collection":[{"href":"https:\/\/zjarr.tv\/sq\/wp-json\/wp\/v2\/posts"}],"about":[{"href":"https:\/\/zjarr.tv\/sq\/wp-json\/wp\/v2\/types\/post"}],"author":[{"embeddable":true,"href":"https:\/\/zjarr.tv\/sq\/wp-json\/wp\/v2\/users\/2016"}],"replies":[{"embeddable":true,"href":"https:\/\/zjarr.tv\/sq\/wp-json\/wp\/v2\/comments?post=186740"}],"version-history":[{"count":0,"href":"https:\/\/zjarr.tv\/sq\/wp-json\/wp\/v2\/posts\/186740\/revisions"}],"wp:featuredmedia":[{"embeddable":true,"href":"https:\/\/zjarr.tv\/sq\/wp-json\/wp\/v2\/media\/186742"}],"wp:attachment":[{"href":"https:\/\/zjarr.tv\/sq\/wp-json\/wp\/v2\/media?parent=186740"}],"wp:term":[{"taxonomy":"category","embeddable":true,"href":"https:\/\/zjarr.tv\/sq\/wp-json\/wp\/v2\/categories?post=186740"},{"taxonomy":"post_tag","embeddable":true,"href":"https:\/\/zjarr.tv\/sq\/wp-json\/wp\/v2\/tags?post=186740"}],"curies":[{"name":"wp","href":"https:\/\/api.w.org\/{rel}","templated":true}]}}