{"id":187217,"date":"2021-06-08T08:08:41","date_gmt":"2021-06-08T06:08:41","guid":{"rendered":"https:\/\/zjarr.tv\/?p=187217"},"modified":"2021-06-08T08:08:41","modified_gmt":"2021-06-08T06:08:41","slug":"ambasadorja-yuri-kim-e-buzeqeshur-krah-teto-ollges","status":"publish","type":"post","link":"https:\/\/zjarr.tv\/sq\/ambasadorja-yuri-kim-e-buzeqeshur-krah-teto-ollges\/","title":{"rendered":"Ambasadorja Yuri Kim e buz\u00ebqeshur krah Teto Ollg\u00ebs\u2026"},"content":{"rendered":"<p>Ambasadorja amerikane n\u00eb Tiran\u00eb Yuri Kim, dit\u00ebn e djeshme, ishte n\u00eb Pogradec, ku zhvilloi disa takime, me Kryeprokurorin Olsian \u00c7ela, kryetarin e bashkis\u00eb Xhakolli, k\u00ebng\u00ebtaren e njohur Ermira Babaliu, por edhe me banor\u00eb t\u00eb qytetit p\u00ebr t\u00eb d\u00ebgjuar shqet\u00ebsimet e tyre, nj\u00eb pjes\u00eb e t\u00eb cil\u00ebve i k\u00ebrkuan insistimin te drejt\u00ebsia e re. Shefja e diplomacis\u00eb amerikane, ka postuar n\u00eb rrjetet sociale disa foto nga qyteti liqenor me banor\u00ebt, nd\u00ebrsa mes tyre \u00ebsht\u00eb edhe nj\u00eb te shtatorja e Teto Ollg\u00ebs, n\u00eb fshatin e njohur p\u00ebr t\u00eb gjith\u00eb, Tushemisht.<\/p>\n<p>\u201cPogradeci plot hijeshi. Un\u00eb pres q\u00eb t\u00eb kaloj m\u00eb shum\u00eb koh\u00eb n\u00eb k\u00ebt\u00eb vend t\u00eb poet\u00ebve dhe njer\u00ebzve miq\u00ebsor. Faleminderit pogradecar\u00ebve\u201d shkruan ambasadorja n\u00eb postimin e saj n\u00eb rrjetet sociale pas vizit\u00ebs.<\/p>\n<p><img loading=\"lazy\" decoding=\"async\" class=\"alignnone size-full wp-image-187218\" src=\"https:\/\/zjarr.tv\/wp-content\/uploads\/2021\/06\/foto-4.png\" alt=\"\" width=\"596\" height=\"559\" srcset=\"https:\/\/zjarr.tv\/wp-content\/uploads\/2021\/06\/foto-4.png 596w, https:\/\/zjarr.tv\/wp-content\/uploads\/2021\/06\/foto-4-300x281.png 300w, https:\/\/zjarr.tv\/wp-content\/uploads\/2021\/06\/foto-4-448x420.png 448w\" sizes=\"auto, (max-width: 596px) 100vw, 596px\" \/><\/p>\n<p><img loading=\"lazy\" decoding=\"async\" class=\"alignnone size-full wp-image-187219\" src=\"https:\/\/zjarr.tv\/wp-content\/uploads\/2021\/06\/banor.png\" alt=\"\" width=\"590\" height=\"572\" srcset=\"https:\/\/zjarr.tv\/wp-content\/uploads\/2021\/06\/banor.png 590w, https:\/\/zjarr.tv\/wp-content\/uploads\/2021\/06\/banor-300x291.png 300w, https:\/\/zjarr.tv\/wp-content\/uploads\/2021\/06\/banor-433x420.png 433w\" sizes=\"auto, (max-width: 590px) 100vw, 590px\" \/><\/p>\n<p><img loading=\"lazy\" decoding=\"async\" class=\"alignnone size-full wp-image-187220\" src=\"https:\/\/zjarr.tv\/wp-content\/uploads\/2021\/06\/mira.png\" alt=\"\" width=\"529\" height=\"577\" srcset=\"https:\/\/zjarr.tv\/wp-content\/uploads\/2021\/06\/mira.png 529w, https:\/\/zjarr.tv\/wp-content\/uploads\/2021\/06\/mira-275x300.png 275w, https:\/\/zjarr.tv\/wp-content\/uploads\/2021\/06\/mira-385x420.png 385w\" sizes=\"auto, (max-width: 529px) 100vw, 529px\" \/><\/p>\n","protected":false},"excerpt":{"rendered":"<p>Ambasadorja amerikane n\u00eb Tiran\u00eb Yuri Kim, dit\u00ebn e djeshme, ishte n\u00eb Pogradec, ku zhvilloi disa takime, me Kryeprokurorin Olsian \u00c7ela, kryetarin e bashkis\u00eb Xhakolli, k\u00ebng\u00ebtaren e njohur Ermira Babaliu, por edhe me banor\u00eb t\u00eb qytetit p\u00ebr t\u00eb d\u00ebgjuar shqet\u00ebsimet e tyre, nj\u00eb pjes\u00eb e t\u00eb cil\u00ebve i k\u00ebrkuan insistimin te drejt\u00ebsia e re. Shefja e [&hellip;]<\/p>\n","protected":false},"author":2016,"featured_media":187222,"comment_status":"closed","ping_status":"closed","sticky":false,"template":"","format":"standard","meta":{"footnotes":""},"categories":[241],"tags":[3635],"class_list":{"0":"post-187217","1":"post","2":"type-post","3":"status-publish","4":"format-standard","5":"has-post-thumbnail","7":"category-aktualitet","8":"tag-lajme-zjarr-kim-e-buzeqeshur-krah-teto-ollges-zjarr-tv"},"_links":{"self":[{"href":"https:\/\/zjarr.tv\/sq\/wp-json\/wp\/v2\/posts\/187217","targetHints":{"allow":["GET"]}}],"collection":[{"href":"https:\/\/zjarr.tv\/sq\/wp-json\/wp\/v2\/posts"}],"about":[{"href":"https:\/\/zjarr.tv\/sq\/wp-json\/wp\/v2\/types\/post"}],"author":[{"embeddable":true,"href":"https:\/\/zjarr.tv\/sq\/wp-json\/wp\/v2\/users\/2016"}],"replies":[{"embeddable":true,"href":"https:\/\/zjarr.tv\/sq\/wp-json\/wp\/v2\/comments?post=187217"}],"version-history":[{"count":0,"href":"https:\/\/zjarr.tv\/sq\/wp-json\/wp\/v2\/posts\/187217\/revisions"}],"wp:featuredmedia":[{"embeddable":true,"href":"https:\/\/zjarr.tv\/sq\/wp-json\/wp\/v2\/media\/187222"}],"wp:attachment":[{"href":"https:\/\/zjarr.tv\/sq\/wp-json\/wp\/v2\/media?parent=187217"}],"wp:term":[{"taxonomy":"category","embeddable":true,"href":"https:\/\/zjarr.tv\/sq\/wp-json\/wp\/v2\/categories?post=187217"},{"taxonomy":"post_tag","embeddable":true,"href":"https:\/\/zjarr.tv\/sq\/wp-json\/wp\/v2\/tags?post=187217"}],"curies":[{"name":"wp","href":"https:\/\/api.w.org\/{rel}","templated":true}]}}