{"id":187223,"date":"2021-06-08T08:22:36","date_gmt":"2021-06-08T06:22:36","guid":{"rendered":"https:\/\/zjarr.tv\/?p=187223"},"modified":"2021-06-08T08:22:36","modified_gmt":"2021-06-08T06:22:36","slug":"elisa-spiropali-meta-do-te-shkulet-nga-karrigia-e-presidentit-ne-9-qershor","status":"publish","type":"post","link":"https:\/\/zjarr.tv\/sq\/elisa-spiropali-meta-do-te-shkulet-nga-karrigia-e-presidentit-ne-9-qershor\/","title":{"rendered":"Elisa Spiropali: Meta do t\u00eb shkulet nga karrigia e Presidentit n\u00eb 9 Qershor\u2026"},"content":{"rendered":"<p>Mazhoranca, \u00ebsht\u00eb e bindur p\u00ebr t\u2019i shkuar deri n\u00eb fund shkarkimit t\u00eb Presidentit Ilir Meta.<\/p>\n<p>M\u00eb 9 qershor n\u00eb Parlament, do t\u00eb votohet p\u00ebr raportin e Komisionit Hetimor dhe Ministrja e Shtetit p\u00ebr Marr\u00ebdh\u00ebniet me Parlamentin, Elisa Spiropali pret q\u00eb Meta t\u00eb shkarkohet me leht\u00ebsi.<\/p>\n<p>Gjat\u00eb nj\u00eb interviste p\u00ebr \u201cQuo Vadis\u201d n\u00eb \u201cVizion Plus\u201d, Spiropali tha se mazhoranca do t\u00eb njoh\u00eb m\u00eb pas vendimin e Gjykat\u00ebs Kushtetuese.<\/p>\n<p>\u201cN\u00eb dat\u00ebn 9 ne finalizojm\u00eb shkuljen e nj\u00eb personazhi antishtet nga karrigia e Presidentit. Raporti p\u00ebr ngritjen e komisionit u votua me 98 vota dhe ne nuk presim m\u00eb pak, presim m\u00eb shum\u00eb vota. \u00c7do deputet i arsyesh\u00ebm i Kuvendit t\u00eb Shqip\u00ebris\u00eb, do t\u00eb votonte shkarkimin e nj\u00eb Presidenti q\u00eb ka shkelur me t\u00eb dyja k\u00ebmb\u00ebt betimin e tij si President i vendit. Ne patjet\u00ebr q\u00eb njohim vendimin e Gjykat\u00ebs Kushtetuese. P\u00ebr ne moralisht dhe politikisht, Ilir Meta nuk \u00ebsht\u00eb m\u00eb President i Republik\u00ebs. Ilir Meta \u00ebsht\u00eb vet\u00ebshkarkuar kur ka vendosur t\u00eb zgjedh\u00eb gjuh\u00ebn e urrejtjes dhe ka sjell\u00eb p\u00ebr\u00e7arje\u201d.<\/p>\n","protected":false},"excerpt":{"rendered":"<p>Mazhoranca, \u00ebsht\u00eb e bindur p\u00ebr t\u2019i shkuar deri n\u00eb fund shkarkimit t\u00eb Presidentit Ilir Meta. M\u00eb 9 qershor n\u00eb Parlament, do t\u00eb votohet p\u00ebr raportin e Komisionit Hetimor dhe Ministrja e Shtetit p\u00ebr Marr\u00ebdh\u00ebniet me Parlamentin, Elisa Spiropali pret q\u00eb Meta t\u00eb shkarkohet me leht\u00ebsi. Gjat\u00eb nj\u00eb interviste p\u00ebr \u201cQuo Vadis\u201d n\u00eb \u201cVizion Plus\u201d, Spiropali [&hellip;]<\/p>\n","protected":false},"author":2016,"featured_media":187225,"comment_status":"closed","ping_status":"closed","sticky":false,"template":"","format":"standard","meta":{"footnotes":""},"categories":[241,1454],"tags":[3636],"class_list":{"0":"post-187223","1":"post","2":"type-post","3":"status-publish","4":"format-standard","5":"has-post-thumbnail","7":"category-aktualitet","8":"category-politike","9":"tag-lajme-zjarr-spiropali-meta-do-te-shkulet-nga-karrigia-e-presidentit-zjarr-tv"},"_links":{"self":[{"href":"https:\/\/zjarr.tv\/sq\/wp-json\/wp\/v2\/posts\/187223","targetHints":{"allow":["GET"]}}],"collection":[{"href":"https:\/\/zjarr.tv\/sq\/wp-json\/wp\/v2\/posts"}],"about":[{"href":"https:\/\/zjarr.tv\/sq\/wp-json\/wp\/v2\/types\/post"}],"author":[{"embeddable":true,"href":"https:\/\/zjarr.tv\/sq\/wp-json\/wp\/v2\/users\/2016"}],"replies":[{"embeddable":true,"href":"https:\/\/zjarr.tv\/sq\/wp-json\/wp\/v2\/comments?post=187223"}],"version-history":[{"count":0,"href":"https:\/\/zjarr.tv\/sq\/wp-json\/wp\/v2\/posts\/187223\/revisions"}],"wp:featuredmedia":[{"embeddable":true,"href":"https:\/\/zjarr.tv\/sq\/wp-json\/wp\/v2\/media\/187225"}],"wp:attachment":[{"href":"https:\/\/zjarr.tv\/sq\/wp-json\/wp\/v2\/media?parent=187223"}],"wp:term":[{"taxonomy":"category","embeddable":true,"href":"https:\/\/zjarr.tv\/sq\/wp-json\/wp\/v2\/categories?post=187223"},{"taxonomy":"post_tag","embeddable":true,"href":"https:\/\/zjarr.tv\/sq\/wp-json\/wp\/v2\/tags?post=187223"}],"curies":[{"name":"wp","href":"https:\/\/api.w.org\/{rel}","templated":true}]}}