{"id":187226,"date":"2021-06-08T08:38:08","date_gmt":"2021-06-08T06:38:08","guid":{"rendered":"https:\/\/zjarr.tv\/?p=187226"},"modified":"2021-06-08T08:38:08","modified_gmt":"2021-06-08T06:38:08","slug":"blendi-fevziu-plas-deklaraten-e-papritur-zgjedhjet-ne-pd-jane-te-paracaktuara-ja-kush-e-fiton-postin-e-kryetarit","status":"publish","type":"post","link":"https:\/\/zjarr.tv\/sq\/blendi-fevziu-plas-deklaraten-e-papritur-zgjedhjet-ne-pd-jane-te-paracaktuara-ja-kush-e-fiton-postin-e-kryetarit\/","title":{"rendered":"Blendi Fevziu plas deklarat\u00ebn e papritur: Zgjedhjet n\u00eb PD jan\u00eb t\u00eb paracaktuara, ja kush e fiton postin e kryetarit\u2026"},"content":{"rendered":"<p>Gazetari Blendi Fevziu, ishte i ftuar n\u00eb emisionin \u201cT\u00eb Paekspozuarit\u201d n\u00eb MCN TV, ku ka folur p\u00ebr zhvillimet e fundit, n\u00eb kampin opozitar dhe Zgjedhjet q\u00eb po zhvillohen n\u00eb PD.<\/p>\n<p>Fevziu tha se n\u00eb k\u00ebto Zgjedhje nuk ka gar\u00eb, sepse ato jan\u00eb t\u00eb paracaktuar dhe Basha do t\u00eb rizgjidhet. Ai shtoi se kreu democrat, duhet t\u00eb ishte dor\u00ebhequr dhe se e djathta shqiptare ndodhet n\u00eb nj\u00eb pik\u00eb kritike.<\/p>\n<p>\u201c<em>\u00cbsht\u00eb nj\u00eb gar\u00eb e paracaktuar. Zgjedhjet nuk jan\u00eb zhivlluar n\u00eb kuad\u00ebr t\u00eb nj\u00eb reflektimi p\u00ebr zgjedhjet, por si nj\u00eb rutin\u00eb. N\u00eb gjykimin tim, n\u00eb momentin q\u00eb kryetari i partis\u00eb \u00ebsht\u00eb n\u00eb gar\u00eb, ai \u00ebsht\u00eb fitues absolut. Nuk ka asnj\u00eb rast ku kryetari i partis\u00eb t\u00eb jet\u00eb mundur. P\u00ebrvec rastit t\u00eb Eduard Selamit n\u00eb 1995, por ai nuk ishte asnj\u00eb moment kryetar real, por ishte i caktuar nga Berisha. <\/em><em>N\u00eb 31 vite nuk ka asnj\u00eb rast q\u00eb kryetari t\u00eb jet\u00eb sfiduar n\u00eb detyr\u00eb. <\/em><em>Mund t\u00eb ishin ndryshe zgjedhjet, n\u00ebse Basha do t\u00eb b\u00ebnte at\u00eb q\u00eb k\u00ebrkoi p\u00ebr Ram\u00ebn, limitimin e mandatit n\u00eb dy her\u00eb. Ka b\u00ebr\u00eb t\u00ebt\u00eb vjet n\u00eb parti dhe mund t\u00eb aplikonte k\u00ebt\u00eb. Zgjedhjet jan\u00eb t\u00eb paracaktuara, jo se manipulohet, por an\u00ebtar\u00ebsia zgjedhj kryetari.<\/em><\/p>\n<p><em>P\u00ebr mua po, Basha\u00a0 duhet t\u00eb ishte dor\u00ebhequr. <\/em><em>\u00c7\u00ebshtja e t\u00eb djatht\u00ebs \u00ebsht\u00eb shum\u00eb e r\u00ebnd\u00ebsishme, jo vet\u00ebm p\u00ebr PD. E djathta ka marr\u00eb disa goditje, edhe vendimi p\u00ebr shpalljen non grata t\u00eb Berish\u00ebs nga SHBA. <\/em><em>A ka Basha interesa? Njeriu q\u00eb mbetet i dyti apo i treti m\u00eb i r\u00ebnd\u00ebsish\u00ebm n\u00eb Shqip\u00ebri, p\u00ebrse t\u00eb largohet, sigurisht q\u00eb ka interesa. <\/em><em>Nuk ka asnj\u00eb zgjidhje p\u00ebr t\u00eb djatht\u00ebn shqiptare, p\u00ebrve\u00e7 hapjes, q\u00eb mund ti jap\u00eb frym\u00ebmarrje.<\/em><\/p>\n<p><em>N\u00ebse nuk reflekton PD 100% me k\u00ebt\u00eb q\u00eb ka ndodhur, raportet me qeverisjen do t\u2019i ket\u00eb zero!\u201d<\/em>, tha Fevziu, u shpreh Fevziu.<\/p>\n<p>&nbsp;<\/p>\n","protected":false},"excerpt":{"rendered":"<p>Gazetari Blendi Fevziu, ishte i ftuar n\u00eb emisionin \u201cT\u00eb Paekspozuarit\u201d n\u00eb MCN TV, ku ka folur p\u00ebr zhvillimet e fundit, n\u00eb kampin opozitar dhe Zgjedhjet q\u00eb po zhvillohen n\u00eb PD. Fevziu tha se n\u00eb k\u00ebto Zgjedhje nuk ka gar\u00eb, sepse ato jan\u00eb t\u00eb paracaktuar dhe Basha do t\u00eb rizgjidhet. Ai shtoi se kreu democrat, duhet [&hellip;]<\/p>\n","protected":false},"author":2016,"featured_media":187228,"comment_status":"closed","ping_status":"closed","sticky":false,"template":"","format":"standard","meta":{"footnotes":""},"categories":[241],"tags":[3637],"class_list":{"0":"post-187226","1":"post","2":"type-post","3":"status-publish","4":"format-standard","5":"has-post-thumbnail","7":"category-aktualitet","8":"tag-lajme-zjarr-fevziu-plas-deklaraten-e-papritur-zjarr-tv"},"_links":{"self":[{"href":"https:\/\/zjarr.tv\/sq\/wp-json\/wp\/v2\/posts\/187226","targetHints":{"allow":["GET"]}}],"collection":[{"href":"https:\/\/zjarr.tv\/sq\/wp-json\/wp\/v2\/posts"}],"about":[{"href":"https:\/\/zjarr.tv\/sq\/wp-json\/wp\/v2\/types\/post"}],"author":[{"embeddable":true,"href":"https:\/\/zjarr.tv\/sq\/wp-json\/wp\/v2\/users\/2016"}],"replies":[{"embeddable":true,"href":"https:\/\/zjarr.tv\/sq\/wp-json\/wp\/v2\/comments?post=187226"}],"version-history":[{"count":0,"href":"https:\/\/zjarr.tv\/sq\/wp-json\/wp\/v2\/posts\/187226\/revisions"}],"wp:featuredmedia":[{"embeddable":true,"href":"https:\/\/zjarr.tv\/sq\/wp-json\/wp\/v2\/media\/187228"}],"wp:attachment":[{"href":"https:\/\/zjarr.tv\/sq\/wp-json\/wp\/v2\/media?parent=187226"}],"wp:term":[{"taxonomy":"category","embeddable":true,"href":"https:\/\/zjarr.tv\/sq\/wp-json\/wp\/v2\/categories?post=187226"},{"taxonomy":"post_tag","embeddable":true,"href":"https:\/\/zjarr.tv\/sq\/wp-json\/wp\/v2\/tags?post=187226"}],"curies":[{"name":"wp","href":"https:\/\/api.w.org\/{rel}","templated":true}]}}