{"id":187229,"date":"2021-06-08T08:52:07","date_gmt":"2021-06-08T06:52:07","guid":{"rendered":"https:\/\/zjarr.tv\/?p=187229"},"modified":"2021-06-08T08:55:53","modified_gmt":"2021-06-08T06:55:53","slug":"arjan-curri-ze-ngushte-me-pyetjen-sa-ka-vajtur-pazari-per-te-votuar-shkarkimin-e-metes-kam-pare-deputete-te-opozites-se-re-qe-po-levizin-me-mercedes-te-fundit-100-mije-euro","status":"publish","type":"post","link":"https:\/\/zjarr.tv\/sq\/arjan-curri-ze-ngushte-me-pyetjen-sa-ka-vajtur-pazari-per-te-votuar-shkarkimin-e-metes-kam-pare-deputete-te-opozites-se-re-qe-po-levizin-me-mercedes-te-fundit-100-mije-euro\/","title":{"rendered":"Arjan Curri z\u00eb ngusht\u00eb me pyetjen: Sa ka vajtur pazari p\u00ebr t\u00eb votuar shkarkimin e Met\u00ebs? Kam par\u00eb deputet\u00eb t\u00eb opozit\u00ebs s\u00eb re, q\u00eb po l\u00ebvizin me Mercedes t\u00eb fundit, 100 mij\u00eb euro\u2026"},"content":{"rendered":"<p>Kujtim Gjuzi dhe Adriatik Alimadhi, ishin t\u00eb ftuar n\u00eb emisionin \u201cT\u00eb Paekspozuarit\u201d, t\u00eb cil\u00ebt do t\u00eb votojn\u00eb p\u00ebr shkarkimin e Presidentit Meta. Gjuzi ka deklaruar se do t\u00eb votoj\u00eb pro shkarkimit, nd\u00ebrsa Alimadhi shprehet se do t\u00eb votoj\u00eb kund\u00ebr. N\u00eb studio, analist\u00ebt kan\u00eb pyetur \u201cse sa ka vajtur pazari\u201d i deputet\u00ebve p\u00ebr t\u00eb votuar n\u00eb k\u00ebt\u00eb proces.<\/p>\n<p><strong>Pjes\u00eb nga biseda:\u00a0<\/strong><\/p>\n<p><strong>Arjan Curri<\/strong>: \u00c7far\u00eb mund t\u2019ja nd\u00ebrroj\u00eb mendjen zotit Gjuzi?<\/p>\n<p><strong>Kujtim Gjuzi<\/strong>: Dor\u00ebheqja e Presidentit \u00ebsht\u00eb akt qytetar.<\/p>\n<p><strong>Ylli Rakipi<\/strong>: Pse ju prisni t\u00eb thot\u00eb ky q\u00eb do lek\u2026<\/p>\n<p><strong>Arjan Curri:<\/strong>\u00a0Ky \u00ebsht\u00eb nj\u00eb moment q\u00eb vet\u00ebm nj\u00eb her\u00eb t\u00eb vjen n\u00eb jet\u00eb.<\/p>\n<p><strong>Kujtim Gjuzi:<\/strong>\u00a0Cfar\u00eb ka ndodhur dihet, \u00e7far\u00eb ndodh nuk dihet\u2026<\/p>\n<p><strong>Arjan Curri<\/strong>: K\u00ebsaj rradhe duhet ta luani fort.<\/p>\n<p><strong>Artur Zheji<\/strong>: Kuptova q\u00eb \u00ebsht\u00eb hapur nj\u00eb ankand. K\u00ebto 16 votat me sa duket Taulant Balla q\u00eb mbulon k\u00ebt\u00eb sektor\u2026<\/p>\n<p><strong>Ylli Rakipi<\/strong>: Ty Gjuzi nuk t\u00eb kan\u00eb dh\u00ebn\u00eb asnj\u00eb sinjal?<\/p>\n<p><strong>Adriatik Alimadhi<\/strong>: Kot nuk na dha drek\u00eb ky ne.<\/p>\n<p><strong>Kujtim Gjuzi<\/strong>: Te zyra e Taulant Ball\u00ebs, Kujtim Gjuzi, sot dy vjet e nj\u00eb muaj, dometh\u00ebn\u00eb 25 muaj, nuk ka hyr\u00eb kurr\u00eb.<\/p>\n<p><strong>Arjan Curri<\/strong>: Ky rast nuk vjen m\u00eb!<\/p>\n<p><strong>Kujtim Gjuzi<\/strong>: E di \u00e7far\u00eb rasti nuk m\u00eb vjen, t\u00eb b\u00ebhem doktor i shkencave.<\/p>\n<p><strong>Adriatik Alimadhi<\/strong>: Un\u00eb e kam shpallur kund\u00ebr dhe po pres.<\/p>\n<p><strong>Arjan Curri<\/strong>: Edhe Gjuzi e ka shpallur pro dhe po pret. K\u00ebt\u00eb kan\u00eb vendosur n\u00eb drek\u00eb k\u00ebta. Sa ka vajtur \u00e7mimi?<\/p>\n<p><strong>Adriatik Alimadhi<\/strong>: Keni koh\u00eb deri t\u00eb m\u00ebrkur\u00ebn.<\/p>\n<p><strong>Arjan Curri<\/strong>: Sa \u00ebsht\u00eb \u00e7mimi deri tani? \u00c7do gj\u00eb q\u00eb nuk blihet me lek\u00eb, blihet me m\u00eb shum\u00eb lek\u00eb. Mund t\u00eb gjejm\u00eb sa lek\u00eb ka vajtur?<\/p>\n<p><strong>Adriatik Alimadhi<\/strong>: K\u00ebt\u00eb opozit\u00eb e keni degraduar shum\u00eb, nuk \u00ebsht\u00eb nevoja t\u00eb jet\u00eb i lart\u00eb pazari.<\/p>\n<p><strong>Arjan Curri:<\/strong>\u00a0Shkon 10 milion\u00eb lek\u00eb? Kam par\u00eb deputet\u00eb t\u00eb opozit\u00ebs s\u00eb re q\u00eb po l\u00ebvizin me Mercedes t\u00eb fundit, 100 mij\u00eb euro.<\/p>\n","protected":false},"excerpt":{"rendered":"<p>Kujtim Gjuzi dhe Adriatik Alimadhi, ishin t\u00eb ftuar n\u00eb emisionin \u201cT\u00eb Paekspozuarit\u201d, t\u00eb cil\u00ebt do t\u00eb votojn\u00eb p\u00ebr shkarkimin e Presidentit Meta. Gjuzi ka deklaruar se do t\u00eb votoj\u00eb pro shkarkimit, nd\u00ebrsa Alimadhi shprehet se do t\u00eb votoj\u00eb kund\u00ebr. N\u00eb studio, analist\u00ebt kan\u00eb pyetur \u201cse sa ka vajtur pazari\u201d i deputet\u00ebve p\u00ebr t\u00eb votuar n\u00eb [&hellip;]<\/p>\n","protected":false},"author":2016,"featured_media":187231,"comment_status":"closed","ping_status":"closed","sticky":false,"template":"","format":"standard","meta":{"footnotes":""},"categories":[241,1454],"tags":[3638],"class_list":{"0":"post-187229","1":"post","2":"type-post","3":"status-publish","4":"format-standard","5":"has-post-thumbnail","7":"category-aktualitet","8":"category-politike","9":"tag-lajme-zjarr-curri-ze-ngushte-te-ftuarit-ne-emision-zjarr-tv"},"_links":{"self":[{"href":"https:\/\/zjarr.tv\/sq\/wp-json\/wp\/v2\/posts\/187229","targetHints":{"allow":["GET"]}}],"collection":[{"href":"https:\/\/zjarr.tv\/sq\/wp-json\/wp\/v2\/posts"}],"about":[{"href":"https:\/\/zjarr.tv\/sq\/wp-json\/wp\/v2\/types\/post"}],"author":[{"embeddable":true,"href":"https:\/\/zjarr.tv\/sq\/wp-json\/wp\/v2\/users\/2016"}],"replies":[{"embeddable":true,"href":"https:\/\/zjarr.tv\/sq\/wp-json\/wp\/v2\/comments?post=187229"}],"version-history":[{"count":0,"href":"https:\/\/zjarr.tv\/sq\/wp-json\/wp\/v2\/posts\/187229\/revisions"}],"wp:featuredmedia":[{"embeddable":true,"href":"https:\/\/zjarr.tv\/sq\/wp-json\/wp\/v2\/media\/187231"}],"wp:attachment":[{"href":"https:\/\/zjarr.tv\/sq\/wp-json\/wp\/v2\/media?parent=187229"}],"wp:term":[{"taxonomy":"category","embeddable":true,"href":"https:\/\/zjarr.tv\/sq\/wp-json\/wp\/v2\/categories?post=187229"},{"taxonomy":"post_tag","embeddable":true,"href":"https:\/\/zjarr.tv\/sq\/wp-json\/wp\/v2\/tags?post=187229"}],"curies":[{"name":"wp","href":"https:\/\/api.w.org\/{rel}","templated":true}]}}