{"id":187235,"date":"2021-06-08T09:08:40","date_gmt":"2021-06-08T07:08:40","guid":{"rendered":"https:\/\/zjarr.tv\/?p=187235"},"modified":"2021-06-08T09:08:40","modified_gmt":"2021-06-08T07:08:40","slug":"zgjedhjet-ne-pd-alibeaj-pd-nuk-eshte-e-percare-vetem-me-bashen-do-te-mundim-regjimin","status":"publish","type":"post","link":"https:\/\/zjarr.tv\/sq\/zgjedhjet-ne-pd-alibeaj-pd-nuk-eshte-e-percare-vetem-me-bashen-do-te-mundim-regjimin\/","title":{"rendered":"Zgjedhjet n\u00eb PD\/ Alibeaj: PD nuk \u00ebsht\u00eb e p\u00ebr\u00e7ar\u00eb, vet\u00ebm me Bash\u00ebn do t\u00eb mundim regjimin\u2026"},"content":{"rendered":"<p><em>\u00a0<\/em><em>\u201c25 prilli<\/em> <em>nuk ishte nj\u00eb gar\u00eb elektorale me programe apo me kandidat\u00eb. Kjo ishte luft\u00eb me regjimin dhe askush nuk mund t\u00eb thot\u00eb me sakt\u00ebsi se kur mund t\u00eb mbaroj\u00eb. Dua t\u00eb theksoj se regjimi dit\u00ebn e zgjedhjeve, goditi vot\u00ebn e lir\u00eb\u201d,<\/em> u shpreh Alibeaj. Gjithashtu, Alibeaj u shpreh i bindur se mb\u00ebshtet\u00ebsit e Partis\u00eb Demokratike, punuan me shum\u00eb forc\u00eb dhe si kurr\u00eb m\u00eb pare, u b\u00ebn\u00eb bashk\u00eb p\u00ebr t\u00eb p\u00ebrmbysur regjimin. Sipas tij,<em>\u00a0Kryeministri Edi Rama nuk i fitoi zgjedhjet,\u00a0<\/em>por erdhi n\u00eb pushtet duke vjedhur dhe duke bler\u00eb vota.<\/p>\n<p><em>\u201cAjo q\u00eb quhet Parti Demokratike, nuk \u00ebsht\u00eb vet\u00ebm Basha, jan\u00eb t\u00eb gjith\u00eb ata demokrat\u00eb q\u00eb jan\u00eb t\u00eb papun\u00eb, q\u00eb h\u00ebngr\u00ebn gazin lotsjell\u00ebs. Jan\u00eb k\u00ebta njer\u00ebz q\u00eb kan\u00eb dh\u00ebn\u00eb me mish e me shpirt maksimumin e tyre. Un\u00eb kam par\u00eb angazhimin e\u00a0 tyre si kurr\u00eb m\u00eb par\u00eb t\u00eb bindur se me masivitetin mund t\u00eb b\u00ebnim p\u00ebrmbysjen e regjimit. 622 mij\u00eb shqiptar\u00eb votuan kauz\u00ebn e PD t\u00eb orkestruar nga Basha\u201d,<\/em>\u00a0u shpreh ai.<\/p>\n<p>P\u00ebrse nuk erdh\u00ebt n\u00eb pushtet?<\/p>\n<p>Alibeaj:\u00a0Ata nuk kan\u00eb fituar, ata kan\u00eb vjedhur, ata kan\u00eb bler\u00eb.<\/p>\n<p>Struktur\u00eb p\u00ebr mbrojtjen e vot\u00ebs?<\/p>\n<p>Alibeaj: Ishin njer\u00ebz q\u00eb vet\u00ebm donin t\u00eb mbronin vot\u00ebn. \u00a0Un\u00eb ju them q\u00eb nuk kemi b\u00ebr\u00eb asnj\u00eb gabim. K\u00ebtu flitet p\u00ebr blerje, kjo \u00ebsht\u00eb ajo se \u00e7far\u00eb do t\u00eb duhet q\u00eb ne t\u00eb gjith\u00eb s\u00eb bashku ta kuptojm\u00eb.\u00a0<em>Ai gjithashtu komentoi edhe deklaratat e b\u00ebra nga kreu i PD-s\u00eb, \u00a0Lulzim Bash\u00ebs p\u00ebr blerje t\u00eb votave n\u00eb Gjirokast\u00ebr,<\/em>\u00a0duke theksuar se p\u00ebr akuzat e blerjes s\u00eb votave kan\u00eb fakte, nd\u00ebrsa shtoi se nga KAS nuk ka treguar transparenc\u00eb pavar\u00ebsisht denoncimeve dhe fakteve t\u00eb publikuara nga PD mbi vjedhjen e votave.<\/p>\n<p><em>\u201cNe kemi v\u00ebn\u00eb n\u00eb l\u00ebvizje agjencit\u00eb ligjzbatuese duke b\u00ebr\u00eb denoncime., Duhet t\u00eb ishin k\u00ebto agjenci q\u00eb t\u00eb b\u00ebnin k\u00ebt\u00eb gj\u00eb dhe t\u00eb mos na e k\u00ebrkonin ne k\u00ebt\u00eb pun\u00eb. Akuzat jan\u00eb konkrete, dhe p\u00ebr t\u00eb tejkaluar mosbesimin furnizuar agjencit\u00eb ligjzbatuese n\u00eb m\u00ebnyr\u00eb q\u00eb detyr\u00ebn ta b\u00ebnin ato.<\/em><strong>\u00a0<\/strong>Jo vet\u00ebm q\u00eb i kemi dokumentuar, i kemi b\u00ebr\u00eb publike emrat konkret\u00eb.<em>\u00a0Por pyetja \u00ebsht\u00eb p\u00ebrse KAS nuk vendosi t\u00eb b\u00ebnte transparenc\u00eb. P\u00ebrse nuk vendoi Prokuroria t\u00eb ndiqte \u00e7\u00ebshtjen e patronazhist\u00ebve. Pra ne t\u00eb tregojm\u00eb faktin, prov\u00ebn e vendin ku ndodhet prova dhe detyrimi ligjor n\u00eb k\u00ebt\u00eb rast e ka KAS. Minimalisht do t\u00eb duhej t\u00eb b\u00ebnin transparenc\u00eb\u201d,<\/em>\u00a0shtoi m\u00eb tej Alibeaj.<\/p>\n<p>Do t\u00eb shkoni n\u00eb Parlament n\u00eb Shtator?<\/p>\n<p>Alibeaj:\u00a0<em>Un\u00eb besoj q\u00eb vet\u00ebm me Lulzim Bash\u00ebn n\u00eb krye do t\u00eb arrijm\u00eb q\u00eb atje ku duan t\u00eb arrijn\u00eb t\u00eb gjith\u00eb shqiptar\u00ebt. N\u00eb 25 prill t\u00eb gjith\u00eb jemi t\u00eb bindur q\u00eb kemi p\u00ebrball\u00eb nj\u00eb regjim diktatorial, duhet t\u00eb jemi bashk\u00eb sepse kjo bish\u00eb nuk <\/em>M\u00eb tej, ai shtoi se bashkimi i t\u00eb gjith\u00eb shqiptar\u00ebve, politikisht t\u00eb kthjell\u00ebt e q\u00eb nuk bien pre e frik\u00ebs, \u00ebsht\u00eb forca e duhur p\u00ebr t\u00eb mundur sipas tij regjimin aktual.<\/p>\n","protected":false},"excerpt":{"rendered":"<p>\u00a0\u201c25 prilli nuk ishte nj\u00eb gar\u00eb elektorale me programe apo me kandidat\u00eb. Kjo ishte luft\u00eb me regjimin dhe askush nuk mund t\u00eb thot\u00eb me sakt\u00ebsi se kur mund t\u00eb mbaroj\u00eb. Dua t\u00eb theksoj se regjimi dit\u00ebn e zgjedhjeve, goditi vot\u00ebn e lir\u00eb\u201d, u shpreh Alibeaj. Gjithashtu, Alibeaj u shpreh i bindur se mb\u00ebshtet\u00ebsit e Partis\u00eb [&hellip;]<\/p>\n","protected":false},"author":2016,"featured_media":187237,"comment_status":"closed","ping_status":"closed","sticky":false,"template":"","format":"standard","meta":{"footnotes":""},"categories":[241,1454],"tags":[3639],"class_list":{"0":"post-187235","1":"post","2":"type-post","3":"status-publish","4":"format-standard","5":"has-post-thumbnail","7":"category-aktualitet","8":"category-politike","9":"tag-lajme-zjarr-alibeaj-pd-nuk-eshte-e-percare-zjarr-tv"},"_links":{"self":[{"href":"https:\/\/zjarr.tv\/sq\/wp-json\/wp\/v2\/posts\/187235","targetHints":{"allow":["GET"]}}],"collection":[{"href":"https:\/\/zjarr.tv\/sq\/wp-json\/wp\/v2\/posts"}],"about":[{"href":"https:\/\/zjarr.tv\/sq\/wp-json\/wp\/v2\/types\/post"}],"author":[{"embeddable":true,"href":"https:\/\/zjarr.tv\/sq\/wp-json\/wp\/v2\/users\/2016"}],"replies":[{"embeddable":true,"href":"https:\/\/zjarr.tv\/sq\/wp-json\/wp\/v2\/comments?post=187235"}],"version-history":[{"count":0,"href":"https:\/\/zjarr.tv\/sq\/wp-json\/wp\/v2\/posts\/187235\/revisions"}],"wp:featuredmedia":[{"embeddable":true,"href":"https:\/\/zjarr.tv\/sq\/wp-json\/wp\/v2\/media\/187237"}],"wp:attachment":[{"href":"https:\/\/zjarr.tv\/sq\/wp-json\/wp\/v2\/media?parent=187235"}],"wp:term":[{"taxonomy":"category","embeddable":true,"href":"https:\/\/zjarr.tv\/sq\/wp-json\/wp\/v2\/categories?post=187235"},{"taxonomy":"post_tag","embeddable":true,"href":"https:\/\/zjarr.tv\/sq\/wp-json\/wp\/v2\/tags?post=187235"}],"curies":[{"name":"wp","href":"https:\/\/api.w.org\/{rel}","templated":true}]}}