{"id":187239,"date":"2021-06-08T09:22:32","date_gmt":"2021-06-08T07:22:32","guid":{"rendered":"https:\/\/zjarr.tv\/?p=187239"},"modified":"2021-06-08T09:22:32","modified_gmt":"2021-06-08T07:22:32","slug":"surprizon-spartak-ngjela-le-menjane-politiken-dhe-i-ben-komentin-epik-bora-zemanit-keni-bukuri-fizike-dhe","status":"publish","type":"post","link":"https:\/\/zjarr.tv\/sq\/surprizon-spartak-ngjela-le-menjane-politiken-dhe-i-ben-komentin-epik-bora-zemanit-keni-bukuri-fizike-dhe\/","title":{"rendered":"Surprizon Spartak Ngjela\/ L\u00eb m\u00ebnjan\u00eb politik\u00ebn dhe i b\u00ebn komentin epik Bora Zemanit: Keni bukuri fizike dhe\u2026"},"content":{"rendered":"<p>Mir\u00ebpo, si gjithnj\u00eb avokati na surprizon me sh\u00ebnimet e tij.<\/p>\n<p>K\u00ebsaj here ka zgjedhur t\u2019i b\u00ebj\u00eb nj\u00eb koment epik moderatores s\u00eb njohur Bora Zemanit, n\u00eb nj\u00eb faqe n\u00eb rrjete sociale, q\u00eb ka shum\u00eb mund\u00ebsi t\u00eb mos jet\u00eb faqja q\u00eb posedon vet\u00eb moderatorja, por nj\u00eb \u201cfunfpage\u201d.<\/p>\n<p><em>\u201cBora, me lejoni t\u2019ju komplimentoj p\u00ebr performanc\u00ebn tuaj me klas artistik\u2026 q\u00eb \u00ebsht\u00eb nj\u00eb harmoni e plot\u00eb midis intelektit t\u00eb lart\u00eb, elokuenc\u00ebs s\u00eb zgjedhur dhe bukuris\u00eb fizike. Sukses t\u00eb p\u00ebrs\u00ebritur t\u00eb kesh gjithmon\u00eb\u2026\u201d<\/em>, i shkruan Ngjela n\u00eb koment.<\/p>\n<p><img loading=\"lazy\" decoding=\"async\" class=\"alignnone size-full wp-image-187241\" src=\"https:\/\/zjarr.tv\/wp-content\/uploads\/2021\/06\/bora.png\" alt=\"\" width=\"311\" height=\"538\" srcset=\"https:\/\/zjarr.tv\/wp-content\/uploads\/2021\/06\/bora.png 311w, https:\/\/zjarr.tv\/wp-content\/uploads\/2021\/06\/bora-173x300.png 173w, https:\/\/zjarr.tv\/wp-content\/uploads\/2021\/06\/bora-243x420.png 243w\" sizes=\"auto, (max-width: 311px) 100vw, 311px\" \/><\/p>\n<p>N\u00eb foto Bora shihet e veshur me nj\u00eb hoodie ngjyr\u00eb roz\u00eb dhe tejet sensuale, me bukurin\u00eb q\u00eb e karakterizon, q\u00eb mesa duket as avokati Ngjela nuk i ka rezistuar dot.<\/p>\n<p>&nbsp;<\/p>\n","protected":false},"excerpt":{"rendered":"<p>Mir\u00ebpo, si gjithnj\u00eb avokati na surprizon me sh\u00ebnimet e tij. K\u00ebsaj here ka zgjedhur t\u2019i b\u00ebj\u00eb nj\u00eb koment epik moderatores s\u00eb njohur Bora Zemanit, n\u00eb nj\u00eb faqe n\u00eb rrjete sociale, q\u00eb ka shum\u00eb mund\u00ebsi t\u00eb mos jet\u00eb faqja q\u00eb posedon vet\u00eb moderatorja, por nj\u00eb \u201cfunfpage\u201d. \u201cBora, me lejoni t\u2019ju komplimentoj p\u00ebr performanc\u00ebn tuaj me klas [&hellip;]<\/p>\n","protected":false},"author":2016,"featured_media":187242,"comment_status":"closed","ping_status":"closed","sticky":false,"template":"","format":"standard","meta":{"footnotes":""},"categories":[241],"tags":[3640],"class_list":{"0":"post-187239","1":"post","2":"type-post","3":"status-publish","4":"format-standard","5":"has-post-thumbnail","7":"category-aktualitet","8":"tag-lajme-zjarr-surprizon-spartak-ngjela-zjarr-tv"},"_links":{"self":[{"href":"https:\/\/zjarr.tv\/sq\/wp-json\/wp\/v2\/posts\/187239","targetHints":{"allow":["GET"]}}],"collection":[{"href":"https:\/\/zjarr.tv\/sq\/wp-json\/wp\/v2\/posts"}],"about":[{"href":"https:\/\/zjarr.tv\/sq\/wp-json\/wp\/v2\/types\/post"}],"author":[{"embeddable":true,"href":"https:\/\/zjarr.tv\/sq\/wp-json\/wp\/v2\/users\/2016"}],"replies":[{"embeddable":true,"href":"https:\/\/zjarr.tv\/sq\/wp-json\/wp\/v2\/comments?post=187239"}],"version-history":[{"count":0,"href":"https:\/\/zjarr.tv\/sq\/wp-json\/wp\/v2\/posts\/187239\/revisions"}],"wp:featuredmedia":[{"embeddable":true,"href":"https:\/\/zjarr.tv\/sq\/wp-json\/wp\/v2\/media\/187242"}],"wp:attachment":[{"href":"https:\/\/zjarr.tv\/sq\/wp-json\/wp\/v2\/media?parent=187239"}],"wp:term":[{"taxonomy":"category","embeddable":true,"href":"https:\/\/zjarr.tv\/sq\/wp-json\/wp\/v2\/categories?post=187239"},{"taxonomy":"post_tag","embeddable":true,"href":"https:\/\/zjarr.tv\/sq\/wp-json\/wp\/v2\/tags?post=187239"}],"curies":[{"name":"wp","href":"https:\/\/api.w.org\/{rel}","templated":true}]}}