{"id":187244,"date":"2021-06-08T09:34:46","date_gmt":"2021-06-08T07:34:46","guid":{"rendered":"https:\/\/zjarr.tv\/?p=187244"},"modified":"2021-06-08T09:34:46","modified_gmt":"2021-06-08T07:34:46","slug":"zuri-ngushte-blinkenin-per-berishen-flet-evi-kokalari-si-e-njoh-kongresmenin-zelden-mik-i-madh-i-shqiptareve","status":"publish","type":"post","link":"https:\/\/zjarr.tv\/sq\/zuri-ngushte-blinkenin-per-berishen-flet-evi-kokalari-si-e-njoh-kongresmenin-zelden-mik-i-madh-i-shqiptareve\/","title":{"rendered":"Zuri ngusht\u00eb Blinkenin p\u00ebr Berish\u00ebn\/ Flet Evi Kokalari: Si e njoh kongresmenin Zelden, mik i madh i shqiptar\u00ebve\u2026"},"content":{"rendered":"<p>Mbrwmjen e djeshme, n\u00eb \u201c\u00c7im Peka Live\u201d, u diskutua lidhur me pyetjet q\u00eb kongresmeni Lee Zeldin, i b\u00ebri Sekretarit t\u00eb Shtetit Antony Blinken, mbi caktimin e Sali Berish\u00ebs, si persona \u201cnon-grata\u201d dhe k\u00ebrkoi fakte q\u00eb Blinken ka mbi korrupsionin e Berish\u00ebs.<\/p>\n<p>Arsye q\u00eb Blinken nuk i dha n\u00eb p\u00ebrgjigjet e tij.<\/p>\n<p>N\u00eb lidhje t\u00eb drejtp\u00ebrdrejt me \u201c\u00c7im Peka Live\u201d, aktivistja shqiptaro-amerikane, Evi Kokalari, ka dh\u00ebn\u00eb nj\u00eb profil t\u00eb kongresmenit Lee Zeldin dhe mbrojtjes q\u00eb u ka b\u00ebr\u00eb shqiptar\u00ebve edhe m\u00eb her\u00ebt, duke p\u00ebrfshir\u00eb k\u00ebtu edhe \u00e7\u00ebshtjen e v\u00ebllez\u00ebrve Byty\u00e7i.<\/p>\n<p>\u201cK\u00ebto jan\u00eb dy \u00e7\u00ebshtje t\u00eb ndryshme. \u00c7\u00ebshtjen me v\u00ebllez\u00ebrit Byty\u00e7i e ka b\u00ebr\u00eb para se ta njihja. K\u00ebt\u00eb e p\u00ebr v\u00ebllez\u00ebrit e ka shtyr\u00eb vet\u00eb sepse jan\u00eb n\u00eb zon\u00ebn e elektorale ku \u00ebsht\u00eb edhe Lee Zelden. Ne vjet b\u00ebm\u00eb nj\u00eb event me shqiptar\u00ebt dhe me Lee Zelden q\u00eb tani e kemi mik thjesht p\u00ebr nj\u00eb falenderim \u00e7far\u00eb ai b\u00ebri p\u00ebr v\u00ebllez\u00ebrit Byty\u00e7i. Pra nuk ka lidhje me pun\u00ebn e tij n\u00eb Kongres. Pra Lee Zeleden i njeh shum\u00eb mir\u00eb shqiptar\u00ebt dhe nuk ka nevoj\u00eb q\u00eb t\u00eb lobosh me para p\u00ebr Lee Zelden p\u00ebr t\u00eb ndihmuar shqiptar\u00ebt.<\/p>\n<p>P\u00ebr z. Berisha ne kemi disa miq shum\u00eb t\u00eb shquar n\u00eb Amerik\u00eb, q\u00eb kan\u00eb b\u00ebr\u00eb shum\u00eb p\u00ebr shqiptar\u00ebt dhe do t\u00eb b\u00ebjn\u00eb edhe n\u00eb t\u00eb ardhmen. Sot ajo q\u00eb gjith\u00e7ka b\u00ebri \u00ebsht\u00eb se na dha nj\u00eb z\u00eb n\u00eb Kongres. Dhe po ta shikosh nuk iu dridh qerpiku kur e pyet p\u00ebr Soros. Edhe sot nuk jemi vet\u00ebm. Biden na ka lan\u00eb n\u00eb balt\u00eb qoft\u00eb me Kosov\u00ebn, qoft\u00eb me problemet qe kemi pasur koh\u00ebt e fundit me opozit\u00ebn n\u00eb Shqip\u00ebri\u201d.<\/p>\n<p><em>\u00a0<\/em><\/p>\n<p>&nbsp;<\/p>\n","protected":false},"excerpt":{"rendered":"<p>Mbrwmjen e djeshme, n\u00eb \u201c\u00c7im Peka Live\u201d, u diskutua lidhur me pyetjet q\u00eb kongresmeni Lee Zeldin, i b\u00ebri Sekretarit t\u00eb Shtetit Antony Blinken, mbi caktimin e Sali Berish\u00ebs, si persona \u201cnon-grata\u201d dhe k\u00ebrkoi fakte q\u00eb Blinken ka mbi korrupsionin e Berish\u00ebs. Arsye q\u00eb Blinken nuk i dha n\u00eb p\u00ebrgjigjet e tij. N\u00eb lidhje t\u00eb drejtp\u00ebrdrejt [&hellip;]<\/p>\n","protected":false},"author":2016,"featured_media":187246,"comment_status":"closed","ping_status":"closed","sticky":false,"template":"","format":"standard","meta":{"footnotes":""},"categories":[241],"tags":[3641],"class_list":{"0":"post-187244","1":"post","2":"type-post","3":"status-publish","4":"format-standard","5":"has-post-thumbnail","7":"category-aktualitet","8":"tag-lajme-zjarr-flet-evi-kokalari-zjarr-tv"},"_links":{"self":[{"href":"https:\/\/zjarr.tv\/sq\/wp-json\/wp\/v2\/posts\/187244","targetHints":{"allow":["GET"]}}],"collection":[{"href":"https:\/\/zjarr.tv\/sq\/wp-json\/wp\/v2\/posts"}],"about":[{"href":"https:\/\/zjarr.tv\/sq\/wp-json\/wp\/v2\/types\/post"}],"author":[{"embeddable":true,"href":"https:\/\/zjarr.tv\/sq\/wp-json\/wp\/v2\/users\/2016"}],"replies":[{"embeddable":true,"href":"https:\/\/zjarr.tv\/sq\/wp-json\/wp\/v2\/comments?post=187244"}],"version-history":[{"count":0,"href":"https:\/\/zjarr.tv\/sq\/wp-json\/wp\/v2\/posts\/187244\/revisions"}],"wp:featuredmedia":[{"embeddable":true,"href":"https:\/\/zjarr.tv\/sq\/wp-json\/wp\/v2\/media\/187246"}],"wp:attachment":[{"href":"https:\/\/zjarr.tv\/sq\/wp-json\/wp\/v2\/media?parent=187244"}],"wp:term":[{"taxonomy":"category","embeddable":true,"href":"https:\/\/zjarr.tv\/sq\/wp-json\/wp\/v2\/categories?post=187244"},{"taxonomy":"post_tag","embeddable":true,"href":"https:\/\/zjarr.tv\/sq\/wp-json\/wp\/v2\/tags?post=187244"}],"curies":[{"name":"wp","href":"https:\/\/api.w.org\/{rel}","templated":true}]}}