{"id":187247,"date":"2021-06-08T09:55:53","date_gmt":"2021-06-08T07:55:53","guid":{"rendered":"https:\/\/zjarr.tv\/?p=187247"},"modified":"2021-06-08T09:55:53","modified_gmt":"2021-06-08T07:55:53","slug":"organizimi-i-mbledhjes-per-shkarkimin-e-saj-voltana-ademi-u-dergon-leter-ambasadoreve-po-kerkohet-te-kapet-shoqata-e-bashkive-te-shqiperise","status":"publish","type":"post","link":"https:\/\/zjarr.tv\/sq\/organizimi-i-mbledhjes-per-shkarkimin-e-saj-voltana-ademi-u-dergon-leter-ambasadoreve-po-kerkohet-te-kapet-shoqata-e-bashkive-te-shqiperise\/","title":{"rendered":"Organizimi i mbledhjes p\u00ebr shkarkimin e saj\/ Voltana Ademi u d\u00ebrgon let\u00ebr ambasador\u00ebve: Po k\u00ebrkohet t\u00eb kapet Shoqata e Bashkive t\u00eb Shqip\u00ebris\u00eb\u2026"},"content":{"rendered":"<p>Kryetarja e Bashkis\u00eb s\u00eb Shkodr\u00ebs, Vlotana Ademi, ka reaguar pas k\u00ebrkes\u00ebs t\u00eb b\u00ebr\u00eb nga Pjerin Ndreu, ku pritet t\u00eb organizohet nj\u00eb mbledhje nga Asambleja e Shoqat\u00ebs s\u00eb Bashkive t\u00eb Shqip\u00ebris\u00eb. Mbledhja do t\u00eb ket\u00eb n\u00eb fokus kryesor, shkarkimin e Voltana Ademit nga pozicioni i kreu t\u00eb SHBSH.<\/p>\n<p>Kryebashkiakja e Shkodr\u00ebs, ka d\u00ebrguar nj\u00eb let\u00ebr drejt ambasador\u00ebve t\u00eb huaj n\u00eb vendin ton\u00eb, t\u00eb cil\u00ebve u ka k\u00ebrkuar q\u00eb t\u00eb nd\u00ebrhyjn\u00eb n\u00eb k\u00ebt\u00eb situat\u00eb, duke e deklaruar si nj\u00eb veprim n\u00eb kund\u00ebrshtim me ligjin, pasi po nd\u00ebrmerret vet\u00ebm disa dit\u00eb para se t\u00eb mbahet seanca e Gjykat\u00ebs Kushtetuese p\u00ebr shqyrtimin e legjitimitetit t\u00eb Zgjedhjeve t\u00eb 30 Qershorit t\u00eb vitit 2019-tw.<\/p>\n<p>\u201cN\u00eb email jepen udh\u00ebzime p\u00ebr shkarkimin tim nga kreu i SHBSH, para dat\u00ebs 23 qershor 2021. Ky vendim p\u00ebr t\u00eb m\u00eb shkarkuar vjen p\u00ebrpara seanc\u00ebs q\u00eb do t\u00eb mbahet n\u00eb Gjykat\u00ebn Kushtetuese p\u00ebr gjykimin e legjitimitetit t\u00eb zgjedhejve t\u00eb 2019. Po tentohet t\u00eb merret n\u00ebn kontroll Shoqata e Bashkive t\u00eb Shqip\u00ebris\u00eb\u201d- shprehet Ademi.<\/p>\n<p>M\u00eb her\u00ebt, p\u00ebr k\u00ebt\u00eb \u00e7\u00ebshtje ka reaguar edhe ish-ministri i Drejt\u00ebsis\u00eb, Ylli Manjani, i cili ka zbuluar nenin q\u00eb sipas tij, nuk e ndalon shqyrtimin p\u00ebr legjitimitetin e zgjedhjeve t\u00eb 2019, pasi edhe n\u00ebse t\u00ebrhiqet padia q\u00eb Shoqata e bashkive Shkod\u00ebr me n\u00eb krye Voltana Ademin, ka dor\u00ebzuar, p\u00ebrs\u00ebri e ka n\u00eb dor\u00eb Gjykata Kushtetuese, sepse hetimi p\u00ebr nj\u00eb \u00e7\u00ebshtje t\u00eb till\u00eb vijon, duke qen\u00eb se \u00ebsht\u00eb n\u00eb interesin publik.<\/p>\n<p>&nbsp;<\/p>\n","protected":false},"excerpt":{"rendered":"<p>Kryetarja e Bashkis\u00eb s\u00eb Shkodr\u00ebs, Vlotana Ademi, ka reaguar pas k\u00ebrkes\u00ebs t\u00eb b\u00ebr\u00eb nga Pjerin Ndreu, ku pritet t\u00eb organizohet nj\u00eb mbledhje nga Asambleja e Shoqat\u00ebs s\u00eb Bashkive t\u00eb Shqip\u00ebris\u00eb. Mbledhja do t\u00eb ket\u00eb n\u00eb fokus kryesor, shkarkimin e Voltana Ademit nga pozicioni i kreu t\u00eb SHBSH. Kryebashkiakja e Shkodr\u00ebs, ka d\u00ebrguar nj\u00eb let\u00ebr drejt [&hellip;]<\/p>\n","protected":false},"author":2016,"featured_media":187249,"comment_status":"closed","ping_status":"closed","sticky":false,"template":"","format":"standard","meta":{"footnotes":""},"categories":[241],"tags":[3642],"class_list":{"0":"post-187247","1":"post","2":"type-post","3":"status-publish","4":"format-standard","5":"has-post-thumbnail","7":"category-aktualitet","8":"tag-lajme-zjarr-voltana-ademi-zjarr-tv"},"_links":{"self":[{"href":"https:\/\/zjarr.tv\/sq\/wp-json\/wp\/v2\/posts\/187247","targetHints":{"allow":["GET"]}}],"collection":[{"href":"https:\/\/zjarr.tv\/sq\/wp-json\/wp\/v2\/posts"}],"about":[{"href":"https:\/\/zjarr.tv\/sq\/wp-json\/wp\/v2\/types\/post"}],"author":[{"embeddable":true,"href":"https:\/\/zjarr.tv\/sq\/wp-json\/wp\/v2\/users\/2016"}],"replies":[{"embeddable":true,"href":"https:\/\/zjarr.tv\/sq\/wp-json\/wp\/v2\/comments?post=187247"}],"version-history":[{"count":0,"href":"https:\/\/zjarr.tv\/sq\/wp-json\/wp\/v2\/posts\/187247\/revisions"}],"wp:featuredmedia":[{"embeddable":true,"href":"https:\/\/zjarr.tv\/sq\/wp-json\/wp\/v2\/media\/187249"}],"wp:attachment":[{"href":"https:\/\/zjarr.tv\/sq\/wp-json\/wp\/v2\/media?parent=187247"}],"wp:term":[{"taxonomy":"category","embeddable":true,"href":"https:\/\/zjarr.tv\/sq\/wp-json\/wp\/v2\/categories?post=187247"},{"taxonomy":"post_tag","embeddable":true,"href":"https:\/\/zjarr.tv\/sq\/wp-json\/wp\/v2\/tags?post=187247"}],"curies":[{"name":"wp","href":"https:\/\/api.w.org\/{rel}","templated":true}]}}